{"id":2578,"date":"2018-03-19T13:25:47","date_gmt":"2018-03-19T10:25:47","guid":{"rendered":"https:\/\/ewelt.org\/blog\/?p=2578"},"modified":"2018-05-03T11:14:51","modified_gmt":"2018-05-03T09:14:51","slug":"bauvorschrift-fuer-das-baugebiet","status":"publish","type":"post","link":"https:\/\/ewelt.org\/blog\/uncategorized\/bauvorschrift-fuer-das-baugebiet\/","title":{"rendered":"Bauvorschrift f\u00fcr das Baugebiet"},"content":{"rendered":"<p>Zum Gl\u00fcck oder auch nicht haben wir einen Grundst\u00fcck in einem neuen Baugebiet bekommen.<br \/>\nDa hat sich die Stadt wirklich m\u00fche gegeben alle m\u00f6glichen Vorschriften f\u00fcr die Bauherren auszudenken.<br \/>\nDas gesamte Baugebiet ist in drei Stra\u00dfen aufgeteilt, jede Stra\u00dfe hat eigene Auflagen, wie die H\u00e4user auszusehen haben.<br \/>\nF\u00fcr einer Stra\u00dfe darf man z.b. nur die roten Klinker nehmen, f\u00fcr die andere nur den hellen und so weiter.<\/p>\n<p>Durch die Vorgabe einheitlicher Elemente der Geb\u00e4udegestaltung m\u00f6chte der Stadt ein mehr oder weniger Einheitliches Bild haben.<br \/>\nMan kann es wohl ganz gut verstehen, ob das Sinnvoll ist, werden wir sehen, wenn das Baugebiet komplett bebaut ist.<\/p>\n<p>&nbsp;<\/p>\n<p style=\"text-align: center;\"><img loading=\"lazy\" decoding=\"async\" style=\"border: thin solid black;\" title=\"https:\/\/img.ewelt.org\/pics\/upashi\/DasHaus2018\/Plan\/Rahmenplan_Cromwell_Barracks.png\" src=\"https:\/\/img.ewelt.org\/pics\/upashi\/DasHaus2018\/Plan\/Rahmenplan_Cromwell_Barracks.png\" alt=\"https:\/\/img.ewelt.org\/pics\/upashi\/DasHaus2018\/Plan\/Rahmenplan_Cromwell_Barracks.png\"  width=\"1031\" height=\"1221\" \/><\/p>\n<p>Also, was m\u00f6chte die Stadt Hamm haben?<\/p>\n<p>&nbsp;<\/p>\n<p>&nbsp;<\/p>\n<p><!--more--><\/p>\n<p>Das gesamte Gebiet ist in drei Stra\u00dfen aufgeteilt: \u00f6stliche, mittlere und die westliche Stra\u00dfe. Zu jeder Stra\u00dfe gibt es eigene Vorschrift, wie diese auszusehen hat.<\/p>\n<p>(Auszug aus der Bauherren Information Brosch\u00fcre)<\/p>\n<h3>1. \u00d6stliche Stra\u00dfe:<\/h3>\n<p>Die Fassaden der beidseits der \u00f6stlichen Stra\u00dfe entstehenden Wohngeb\u00e4ude sind in roten oder rotbraunen Farbt\u00f6nen auszuf\u00fchren. Gleiches gilt f\u00fcr die Farbgebung der Dacheindeckung.<\/p>\n<h3>2. Mittlere Stra\u00dfe:<\/h3>\n<p>Die Fassaden der beidseits der mittleren Stra\u00dfe entstehenden Wohngeb\u00e4ude sind dagegen in hellen Farbt\u00f6nen zu halten. Die zul\u00e4ssigen Farben f\u00fcr die Dacheindeckung lauten hier Schwarz, Grau oder Anthrazit. Die vorgegebene Farbgestaltung f\u00fcr Fassade und Dach ist dabei nicht mit einer Einschr\u00e4nkung der Materialwahl verkn\u00fcpft. Das hei\u00dft, im Bereich der mittleren Stra\u00dfe k\u00f6nnen beispielsweise sowohl hellfarbige Putz als auch Klinkerfassaden oder auch eine Kombination aus beidem zur Ausf\u00fchrung kommen.<\/p>\n<h3>3. Westliche Stra\u00dfe:<\/h3>\n<p>Im Bereich der westlichen Stra\u00dfe werden dagegen keine Vorgaben zur Farbgebung der Fassaden gemacht. Auch die Dacheindeckung darf hier sowohl in den Farben Schwarz und Grau, jedoch auch in Rot oder Braun erfolgen. Somit wird gerade die entstehende Palette unterschiedlicher verwendeter Fassaden und Dachfarben eine charakterisierende Eigenschaft dieses Stra\u00dfenzugessein. Aber auch hier soll sich k\u00fcnftige Bebauung durch einheitliche Elemente, in diesem Falle im Hinblick auf Geb\u00e4udekubatur und Dachform, kennzeichnen.<br \/>\nDie Wohngeb\u00e4ude sind an dieser Stelle zwingend zweigeschossig in Kombination mit einer festgelegten Mindesth\u00f6he f\u00fcr die Traufe zu errichten. Auf diese Weise werden hier einheitlich H\u00e4user entstehen, die \u00fcber 2 Geschosse \u201eim aufgehenden Mauerwerk&#8220; verf\u00fcgen, dh. keine \u201eDachschr\u00e4gen\u201c aufweisen. Ferner sind in der westlichen Stra\u00dfe nur Flachd\u00e4cher oder flach geneigte D\u00e4cher zul\u00e4ssig.<\/p>\n<p>Im sonstigen Quartier kann der Bauherr zwischen zwei Vollgeschossen \u201eim aufgehenden Mauerwerk\u201d und dem Bau eines Erdgeschosses zuz\u00fcglich eines Obergeschosses mit \u201eKniestock und Dachschr\u00e4ge&#8220; w\u00e4hlen. Es sind insgesamt jeweils maximal 2 Vollgeschosse und geneigte D\u00e4cher zul\u00e4ssig.<\/p>\n<p>&nbsp;<\/p>\n<p style=\"text-align: center;\">1. Bauherren Information<br \/>\n<img decoding=\"async\" style=\"border: thin solid black;\" title=\"https:\/\/img.ewelt.org\/pics\/upashi\/DasHaus2018\/Plan\/BauherrenInfo.jpg\" src=\"https:\/\/img.ewelt.org\/pics\/upashi\/DasHaus2018\/Plan\/BauherrenInfo.jpg\" alt=\"https:\/\/img.ewelt.org\/pics\/upashi\/DasHaus2018\/Plan\/BauherrenInfo.jpg\" \/><\/p>\n<p>&nbsp;<\/p>\n<p style=\"text-align: center;\">2. So sieht es zur Zeit aus, obwohl in der Letzten Zeit ist etwas mehr passiert.<br \/>\n<img decoding=\"async\" style=\"border: thin solid black;\" title=\"https:\/\/img.ewelt.org\/pics\/upashi\/DasHaus2018\/Plan\/VonOben.jpg\" src=\"https:\/\/img.ewelt.org\/pics\/upashi\/DasHaus2018\/Plan\/VonOben.jpg\" alt=\"https:\/\/img.ewelt.org\/pics\/upashi\/DasHaus2018\/Plan\/VonOben.jpg\" \/><\/p>\n<p>&nbsp;<\/p>\n<p style=\"text-align: center;\">3. Auf der rechten Seite sind schon einige mit dem bauen richtig gut unterwegs.<br \/>\n<img decoding=\"async\" style=\"border: thin solid black;\" title=\"https:\/\/img.ewelt.org\/pics\/upashi\/DasHaus2018\/Plan\/AufdemBeisenkamp_oben.jpg\" src=\"https:\/\/img.ewelt.org\/pics\/upashi\/DasHaus2018\/Plan\/AufdemBeisenkamp_oben.jpg\" alt=\"https:\/\/img.ewelt.org\/pics\/upashi\/DasHaus2018\/Plan\/AufdemBeisenkamp_oben.jpg\" \/><\/p>\n<p><!--<\/lj-cut>--><\/p>\n","protected":false},"excerpt":{"rendered":"<p>Zum Gl\u00fcck oder auch nicht haben wir einen Grundst\u00fcck in einem neuen Baugebiet bekommen. Da hat sich die Stadt wirklich m\u00fche gegeben alle m\u00f6glichen Vorschriften<\/p>\n<div class=\"more-link-wrapper\"><a class=\"more-link\" href=\"https:\/\/ewelt.org\/blog\/uncategorized\/bauvorschrift-fuer-das-baugebiet\/\">Weiterlesen<span class=\"screen-reader-text\">Bauvorschrift f\u00fcr das Baugebiet<\/span><\/a><\/div>\n","protected":false},"author":1,"featured_media":0,"comment_status":"open","ping_status":"closed","sticky":false,"template":"","format":"standard","meta":{"iawp_total_views":14,"footnotes":""},"categories":[547,549,548,1],"tags":[550,551],"class_list":["post-2578","post","type-post","status-publish","format-standard","hentry","category-das-haus","category-grundstueck","category-info","category-uncategorized","tag-grundstueck","tag-info","entry"],"_links":{"self":[{"href":"https:\/\/ewelt.org\/blog\/wp-json\/wp\/v2\/posts\/2578","targetHints":{"allow":["GET"]}}],"collection":[{"href":"https:\/\/ewelt.org\/blog\/wp-json\/wp\/v2\/posts"}],"about":[{"href":"https:\/\/ewelt.org\/blog\/wp-json\/wp\/v2\/types\/post"}],"author":[{"embeddable":true,"href":"https:\/\/ewelt.org\/blog\/wp-json\/wp\/v2\/users\/1"}],"replies":[{"embeddable":true,"href":"https:\/\/ewelt.org\/blog\/wp-json\/wp\/v2\/comments?post=2578"}],"version-history":[{"count":10,"href":"https:\/\/ewelt.org\/blog\/wp-json\/wp\/v2\/posts\/2578\/revisions"}],"predecessor-version":[{"id":2626,"href":"https:\/\/ewelt.org\/blog\/wp-json\/wp\/v2\/posts\/2578\/revisions\/2626"}],"wp:attachment":[{"href":"https:\/\/ewelt.org\/blog\/wp-json\/wp\/v2\/media?parent=2578"}],"wp:term":[{"taxonomy":"category","embeddable":true,"href":"https:\/\/ewelt.org\/blog\/wp-json\/wp\/v2\/categories?post=2578"},{"taxonomy":"post_tag","embeddable":true,"href":"https:\/\/ewelt.org\/blog\/wp-json\/wp\/v2\/tags?post=2578"}],"curies":[{"name":"wp","href":"https:\/\/api.w.org\/{rel}","templated":true}]}}