{"id":2105,"date":"2016-07-05T19:21:50","date_gmt":"2016-07-05T15:21:50","guid":{"rendered":"http:\/\/ewelt.org\/blog\/?p=2105"},"modified":"2018-05-03T11:17:58","modified_gmt":"2018-05-03T09:17:58","slug":"grindelwald-lasst-sich-grusen","status":"publish","type":"post","link":"https:\/\/ewelt.org\/blog\/foto\/grindelwald-lasst-sich-grusen\/","title":{"rendered":"Grindelwald l\u00e4sst sich gr\u00fc\u00dfen."},"content":{"rendered":"<p>Schon lange her, dass ich etwas hier gepostet habe. Also, was bis jetzt geschah \ud83d\ude09<\/p>\n<p>Ich bin fast durch mit beiden Reisen in die Schweiz. Die Bilder sind aussortiert, bearbeitet und teilweise auf der russischen Version der Seite gepostet.<br \/>\nDie Texte hier zu schreiben kostet etwas mehr Zeit, da ich nicht nur Gedanken zusammenfassen muss, sondern auch \u00fcber die Grammatik nachdenken \ud83d\ude42 Aber versprochen, ich versuche etwas \u00f6fters hier was zu schreiben\/zeigen.<\/p>\n<p>Zu dem Foto: irgendwie hatte ich Lust einen Postkarten-Look zu kreieren, was mir hoffentlich gelungen ist!<\/p>\n<p><img loading=\"lazy\" decoding=\"async\" src=\"https:\/\/img.ewelt.org\/pics\/upashi\/Swiss\/2015\/Grindelwald\/20150731_091225_6D_1936-Edit.jpg\" border=\"1\"  width=\"1100\" height=\"733\" \/><br \/>\n<span style=\"font-size: xx-small;\">1\/250 s. | f\/16.0 | ISO: 200 | 16 mm | 0 EV | Aperture priority | Canon EOS 6D | EF16-35mm f\/4L IS USM<\/span><\/p>\n","protected":false},"excerpt":{"rendered":"<p>Schon lange her, dass ich etwas hier gepostet habe. Also, was bis jetzt geschah \ud83d\ude09 Ich bin fast durch mit beiden Reisen in die Schweiz.&#8230;<\/p>\n<div class=\"more-link-wrapper\"><a class=\"more-link\" href=\"https:\/\/ewelt.org\/blog\/foto\/grindelwald-lasst-sich-grusen\/\">Weiterlesen<span class=\"screen-reader-text\">Grindelwald l\u00e4sst sich gr\u00fc\u00dfen.<\/span><\/a><\/div>\n","protected":false},"author":1,"featured_media":0,"comment_status":"open","ping_status":"closed","sticky":false,"template":"","format":"standard","meta":{"iawp_total_views":2,"footnotes":""},"categories":[34,499],"tags":[489,519,518,517,500],"class_list":["post-2105","post","type-post","status-publish","format-standard","hentry","category-foto","category-schweiz","tag-489","tag-faulhorn","tag-first","tag-grindelwalt","tag-schweiz","entry"],"_links":{"self":[{"href":"https:\/\/ewelt.org\/blog\/wp-json\/wp\/v2\/posts\/2105","targetHints":{"allow":["GET"]}}],"collection":[{"href":"https:\/\/ewelt.org\/blog\/wp-json\/wp\/v2\/posts"}],"about":[{"href":"https:\/\/ewelt.org\/blog\/wp-json\/wp\/v2\/types\/post"}],"author":[{"embeddable":true,"href":"https:\/\/ewelt.org\/blog\/wp-json\/wp\/v2\/users\/1"}],"replies":[{"embeddable":true,"href":"https:\/\/ewelt.org\/blog\/wp-json\/wp\/v2\/comments?post=2105"}],"version-history":[{"count":2,"href":"https:\/\/ewelt.org\/blog\/wp-json\/wp\/v2\/posts\/2105\/revisions"}],"predecessor-version":[{"id":2640,"href":"https:\/\/ewelt.org\/blog\/wp-json\/wp\/v2\/posts\/2105\/revisions\/2640"}],"wp:attachment":[{"href":"https:\/\/ewelt.org\/blog\/wp-json\/wp\/v2\/media?parent=2105"}],"wp:term":[{"taxonomy":"category","embeddable":true,"href":"https:\/\/ewelt.org\/blog\/wp-json\/wp\/v2\/categories?post=2105"},{"taxonomy":"post_tag","embeddable":true,"href":"https:\/\/ewelt.org\/blog\/wp-json\/wp\/v2\/tags?post=2105"}],"curies":[{"name":"wp","href":"https:\/\/api.w.org\/{rel}","templated":true}]}}