{"id":2053,"date":"2015-08-02T16:08:23","date_gmt":"2015-08-02T12:08:23","guid":{"rendered":"http:\/\/ewelt.org\/blog\/?p=2053"},"modified":"2018-05-03T11:18:14","modified_gmt":"2018-05-03T09:18:14","slug":"bin-wieder-zuruck","status":"publish","type":"post","link":"https:\/\/ewelt.org\/blog\/foto\/bin-wieder-zuruck\/","title":{"rendered":"Bin wieder zur\u00fcck!"},"content":{"rendered":"<p>Es ist lange her, dass ich etwas hier geschrieben habe. Daf\u00fcr gibt es nat\u00fcrlich eine Ausrede \ud83d\ude09<\/p>\n<p>Zu viel Arbeit, Urlaub, private Shootings und so weiter. Aber jetzt bin ich wieder da und habe eine Menge Fotos aus der Schweiz mitgebracht.<\/p>\n<p>Es war das erste Mal f\u00fcr mich, dass ich keine St\u00e4dtereise gemacht habe, sondern richtig wandern, aber wirklich richtig \ud83d\ude09<\/p>\n<p>Als Ausgleich und etwas Erholung haben wir und einen Ausflug nach Luzern geg\u00f6nnt, obwohl wirklich entspannt war es auch nicht!<\/p>\n<p><img loading=\"lazy\" decoding=\"async\" src=\"https:\/\/img.ewelt.org\/pics\/upashi\/Swiss\/2015\/LakeLucerne\/20150721_213706_6D_0004-HDR.jpg\" alt=\"\" width=\"1000\"  width=\"1000\" height=\"667\" \/><br \/>\n1\/10 s. | f\/8.0 | ISO: 100 | 16 mm | -3 EV | Aperture priority | Canon EOS 6D | EF16-35mm f\/4L IS USM<\/p>\n","protected":false},"excerpt":{"rendered":"<p>Es ist lange her, dass ich etwas hier geschrieben habe. Daf\u00fcr gibt es nat\u00fcrlich eine Ausrede \ud83d\ude09 Zu viel Arbeit, Urlaub, private Shootings und so&#8230;<\/p>\n<div class=\"more-link-wrapper\"><a class=\"more-link\" href=\"https:\/\/ewelt.org\/blog\/foto\/bin-wieder-zuruck\/\">Weiterlesen<span class=\"screen-reader-text\">Bin wieder zur\u00fcck!<\/span><\/a><\/div>\n","protected":false},"author":1,"featured_media":0,"comment_status":"open","ping_status":"closed","sticky":false,"template":"","format":"standard","meta":{"iawp_total_views":6,"footnotes":""},"categories":[34,43,499],"tags":[489,507,500],"class_list":["post-2053","post","type-post","status-publish","format-standard","hentry","category-foto","category-reise","category-schweiz","tag-489","tag-luzern","tag-schweiz","entry"],"_links":{"self":[{"href":"https:\/\/ewelt.org\/blog\/wp-json\/wp\/v2\/posts\/2053","targetHints":{"allow":["GET"]}}],"collection":[{"href":"https:\/\/ewelt.org\/blog\/wp-json\/wp\/v2\/posts"}],"about":[{"href":"https:\/\/ewelt.org\/blog\/wp-json\/wp\/v2\/types\/post"}],"author":[{"embeddable":true,"href":"https:\/\/ewelt.org\/blog\/wp-json\/wp\/v2\/users\/1"}],"replies":[{"embeddable":true,"href":"https:\/\/ewelt.org\/blog\/wp-json\/wp\/v2\/comments?post=2053"}],"version-history":[{"count":3,"href":"https:\/\/ewelt.org\/blog\/wp-json\/wp\/v2\/posts\/2053\/revisions"}],"predecessor-version":[{"id":2644,"href":"https:\/\/ewelt.org\/blog\/wp-json\/wp\/v2\/posts\/2053\/revisions\/2644"}],"wp:attachment":[{"href":"https:\/\/ewelt.org\/blog\/wp-json\/wp\/v2\/media?parent=2053"}],"wp:term":[{"taxonomy":"category","embeddable":true,"href":"https:\/\/ewelt.org\/blog\/wp-json\/wp\/v2\/categories?post=2053"},{"taxonomy":"post_tag","embeddable":true,"href":"https:\/\/ewelt.org\/blog\/wp-json\/wp\/v2\/tags?post=2053"}],"curies":[{"name":"wp","href":"https:\/\/api.w.org\/{rel}","templated":true}]}}