{"id":2041,"date":"2015-06-11T12:57:26","date_gmt":"2015-06-11T08:57:26","guid":{"rendered":"http:\/\/ewelt.org\/blog\/?p=2041"},"modified":"2018-05-03T11:18:20","modified_gmt":"2018-05-03T09:18:20","slug":"die-wunderschone-ascona","status":"publish","type":"post","link":"https:\/\/ewelt.org\/blog\/foto\/die-wunderschone-ascona\/","title":{"rendered":"Die wundersch\u00f6ne Ascona."},"content":{"rendered":"<p>Es ist geschah, dass was bei mir immer passiert: erst am letzten Tag habe ich realisiert, dass ich keine Fotos aus dem Fenster unserer Ferienwohnung gemacht habe.<br \/>\nEs war schon zu sp\u00e4t, morgen mussten wir fr\u00fch losfahren, aber egal &#8211; die Fotos M\u00dcSSEN gemacht werden.<br \/>\nAlles ausgepackt, Kamera auf Stativ, Big Stopper drauf und losgelegt \ud83d\ude09<\/p>\n<p><img loading=\"lazy\" decoding=\"async\" src=\"https:\/\/img.ewelt.org\/pics\/upashi\/Swiss\/2015\/Tessin\/20150607_001239_6D_1899.jpg\" alt=\"\" width=\"1000\"  width=\"1000\" height=\"667\" \/><br \/>\n576 s. | f\/8.0 | ISO: 100 | 24 mm | 0 EV | Auto | Canon EOS 6D | Tamron SP 24-70mm F\/2.8 Di VC USD<\/p>\n","protected":false},"excerpt":{"rendered":"<p>Es ist geschah, dass was bei mir immer passiert: erst am letzten Tag habe ich realisiert, dass ich keine Fotos aus dem Fenster unserer Ferienwohnung&#8230;<\/p>\n<div class=\"more-link-wrapper\"><a class=\"more-link\" href=\"https:\/\/ewelt.org\/blog\/foto\/die-wunderschone-ascona\/\">Weiterlesen<span class=\"screen-reader-text\">Die wundersch\u00f6ne Ascona.<\/span><\/a><\/div>\n","protected":false},"author":1,"featured_media":0,"comment_status":"open","ping_status":"closed","sticky":false,"template":"","format":"standard","meta":{"iawp_total_views":4,"footnotes":""},"categories":[34,43,499],"tags":[489,502,500,501],"class_list":["post-2041","post","type-post","status-publish","format-standard","hentry","category-foto","category-reise","category-schweiz","tag-489","tag-ascona","tag-schweiz","tag-tissin","entry"],"_links":{"self":[{"href":"https:\/\/ewelt.org\/blog\/wp-json\/wp\/v2\/posts\/2041","targetHints":{"allow":["GET"]}}],"collection":[{"href":"https:\/\/ewelt.org\/blog\/wp-json\/wp\/v2\/posts"}],"about":[{"href":"https:\/\/ewelt.org\/blog\/wp-json\/wp\/v2\/types\/post"}],"author":[{"embeddable":true,"href":"https:\/\/ewelt.org\/blog\/wp-json\/wp\/v2\/users\/1"}],"replies":[{"embeddable":true,"href":"https:\/\/ewelt.org\/blog\/wp-json\/wp\/v2\/comments?post=2041"}],"version-history":[{"count":3,"href":"https:\/\/ewelt.org\/blog\/wp-json\/wp\/v2\/posts\/2041\/revisions"}],"predecessor-version":[{"id":2647,"href":"https:\/\/ewelt.org\/blog\/wp-json\/wp\/v2\/posts\/2041\/revisions\/2647"}],"wp:attachment":[{"href":"https:\/\/ewelt.org\/blog\/wp-json\/wp\/v2\/media?parent=2041"}],"wp:term":[{"taxonomy":"category","embeddable":true,"href":"https:\/\/ewelt.org\/blog\/wp-json\/wp\/v2\/categories?post=2041"},{"taxonomy":"post_tag","embeddable":true,"href":"https:\/\/ewelt.org\/blog\/wp-json\/wp\/v2\/tags?post=2041"}],"curies":[{"name":"wp","href":"https:\/\/api.w.org\/{rel}","templated":true}]}}