{"id":1882,"date":"2014-06-04T23:37:02","date_gmt":"2014-06-04T19:37:02","guid":{"rendered":"http:\/\/ewelt.org\/blog\/?p=1882"},"modified":"2018-05-03T11:37:14","modified_gmt":"2018-05-03T09:37:14","slug":"schloss-nordkirchen-aus-der-vogelperspektive","status":"publish","type":"post","link":"https:\/\/ewelt.org\/blog\/foto\/schloss-nordkirchen-aus-der-vogelperspektive\/","title":{"rendered":"Schloss Nordkirchen aus der Vogelperspektive."},"content":{"rendered":"<p>Die ersten Fr\u00fcchte der neunen Anschaffung (Drohne von DJI) sind schon mal da. War letztes Wochenende auf dem Gel\u00e4nde vom Schloss. Komplikationen gab es keine, nur starrende Leute und M\u00e4nner, die\u00a0ihren Hubschrauber gerne gegen der Drohne austauschen w\u00fcrden. Die Frauen der M\u00e4nner haben, nt\u00fcrlich, die Freude ihren Liebsten skeptisch beobachtet, aber so ist das Leben \ud83d\ude09<\/p>\n<p><img loading=\"lazy\" decoding=\"async\" src=\"https:\/\/img.ewelt.org\/pics\/upashi\/Germany\/2014\/Nordkirchen\/2014-01-16_004101_FC200_0074.jpg\" alt=\"\"  width=\"1000\" height=\"667\" \/><br \/>\n1\/1800 s. | f\/2.8 | ISO: 100 | 5 mm | 0 EV | N\/A | DJI PHANTOM VISION FC200 | N\/A<br \/>\n<!--more--><\/p>\n<p>1.<br \/>\n<img decoding=\"async\" src=\"https:\/\/img.ewelt.org\/pics\/upashi\/Germany\/2014\/Nordkirchen\/2014-01-16_004101_FC200_0073.jpg\" alt=\"\" \/><br \/>\n1\/1700 s. | f\/2.8 | ISO: 100 | 5 mm | 0 EV | N\/A | DJI PHANTOM VISION FC200 | N\/A<\/p>\n<p>2.<br \/>\n<img decoding=\"async\" src=\"https:\/\/img.ewelt.org\/pics\/upashi\/Germany\/2014\/Nordkirchen\/2014-01-16_004101_FC200_0079.jpg\" alt=\"\" \/><br \/>\n1\/1250 s. | f\/2.8 | ISO: 100 | 5 mm | 0 EV | N\/A | DJI PHANTOM VISION FC200 | N\/A<\/p>\n<p>3.<br \/>\n<img decoding=\"async\" src=\"https:\/\/img.ewelt.org\/pics\/upashi\/Germany\/2014\/Nordkirchen\/2014-01-16_004101_FC200_0080.jpg\" alt=\"\" \/><br \/>\n1\/1150 s. | f\/2.8 | ISO: 100 | 5 mm | 0 EV | N\/A | DJI PHANTOM VISION FC200 | N\/A<\/p>\n<p>4.<br \/>\n<img decoding=\"async\" src=\"https:\/\/img.ewelt.org\/pics\/upashi\/Germany\/2014\/Nordkirchen\/2014-01-16_004101_FC200_0084.jpg\" alt=\"\" \/><br \/>\n1\/1250 s. | f\/2.8 | ISO: 100 | 5 mm | 0 EV | N\/A | DJI PHANTOM VISION FC200 | N\/A<\/p>\n<p>5.<br \/>\n<img decoding=\"async\" src=\"https:\/\/img.ewelt.org\/pics\/upashi\/Germany\/2014\/Nordkirchen\/2014-01-16_004101_FC200_0085.jpg\" alt=\"\" \/><br \/>\n1\/850 s. | f\/2.8 | ISO: 100 | 5 mm | 0 EV | N\/A | DJI PHANTOM VISION FC200 | N\/A<\/p>\n<p>6.<br \/>\n<img decoding=\"async\" src=\"https:\/\/img.ewelt.org\/pics\/upashi\/Germany\/2014\/Nordkirchen\/2014-01-16_004101_FC200_0087.jpg\" alt=\"\" \/><br \/>\n1\/1400 s. | f\/2.8 | ISO: 100 | 5 mm | 0 EV | N\/A | DJI PHANTOM VISION FC200 | N\/A<\/p>\n<p>7.<br \/>\n<img decoding=\"async\" src=\"https:\/\/img.ewelt.org\/pics\/upashi\/Germany\/2014\/Nordkirchen\/2014-01-16_004101_FC200_0088.jpg\" alt=\"\" \/><br \/>\n1\/1500 s. | f\/2.8 | ISO: 100 | 5 mm | 0 EV | N\/A | DJI PHANTOM VISION FC200 | N\/A<\/p>\n<p>8.<br \/>\n<img decoding=\"async\" src=\"https:\/\/img.ewelt.org\/pics\/upashi\/Germany\/2014\/Nordkirchen\/2014-01-16_004101_FC200_0089.jpg\" alt=\"\" \/><br \/>\n1\/1900 s. | f\/2.8 | ISO: 100 | 5 mm | 0 EV | N\/A | DJI PHANTOM VISION FC200 | N\/A<\/p>\n<p>9.<br \/>\n<img decoding=\"async\" src=\"https:\/\/img.ewelt.org\/pics\/upashi\/Germany\/2014\/Nordkirchen\/2014-01-16_004101_FC200_0090.jpg\" alt=\"\" \/><br \/>\n1\/2000 s. | f\/2.8 | ISO: 100 | 5 mm | 0 EV | N\/A | DJI PHANTOM VISION FC200 | N\/A<\/p>\n<p>10.<br \/>\n<img decoding=\"async\" src=\"https:\/\/img.ewelt.org\/pics\/upashi\/Germany\/2014\/Nordkirchen\/2014-01-16_004101_FC200_0092.jpg\" alt=\"\" \/><br \/>\n1\/1500 s. | f\/2.8 | ISO: 100 | 5 mm | 0 EV | N\/A | DJI PHANTOM VISION FC200 | N\/A<\/p>\n<p>Bleiben Sie dran!<\/p>\n","protected":false},"excerpt":{"rendered":"<p>Die ersten Fr\u00fcchte der neunen Anschaffung (Drohne von DJI) sind schon mal da. War letztes Wochenende auf dem Gel\u00e4nde vom Schloss. Komplikationen gab es keine,<\/p>\n<div class=\"more-link-wrapper\"><a class=\"more-link\" href=\"https:\/\/ewelt.org\/blog\/foto\/schloss-nordkirchen-aus-der-vogelperspektive\/\">Weiterlesen<span class=\"screen-reader-text\">Schloss Nordkirchen aus der Vogelperspektive.<\/span><\/a><\/div>\n","protected":false},"author":1,"featured_media":0,"comment_status":"open","ping_status":"closed","sticky":false,"template":"","format":"standard","meta":{"iawp_total_views":18,"footnotes":""},"categories":[374,34],"tags":[386,460,392],"class_list":["post-1882","post","type-post","status-publish","format-standard","hentry","category-deutschland","category-foto","tag-deutschland-2","tag-drohne","tag-nordkirchen","entry"],"_links":{"self":[{"href":"https:\/\/ewelt.org\/blog\/wp-json\/wp\/v2\/posts\/1882","targetHints":{"allow":["GET"]}}],"collection":[{"href":"https:\/\/ewelt.org\/blog\/wp-json\/wp\/v2\/posts"}],"about":[{"href":"https:\/\/ewelt.org\/blog\/wp-json\/wp\/v2\/types\/post"}],"author":[{"embeddable":true,"href":"https:\/\/ewelt.org\/blog\/wp-json\/wp\/v2\/users\/1"}],"replies":[{"embeddable":true,"href":"https:\/\/ewelt.org\/blog\/wp-json\/wp\/v2\/comments?post=1882"}],"version-history":[{"count":3,"href":"https:\/\/ewelt.org\/blog\/wp-json\/wp\/v2\/posts\/1882\/revisions"}],"predecessor-version":[{"id":2714,"href":"https:\/\/ewelt.org\/blog\/wp-json\/wp\/v2\/posts\/1882\/revisions\/2714"}],"wp:attachment":[{"href":"https:\/\/ewelt.org\/blog\/wp-json\/wp\/v2\/media?parent=1882"}],"wp:term":[{"taxonomy":"category","embeddable":true,"href":"https:\/\/ewelt.org\/blog\/wp-json\/wp\/v2\/categories?post=1882"},{"taxonomy":"post_tag","embeddable":true,"href":"https:\/\/ewelt.org\/blog\/wp-json\/wp\/v2\/tags?post=1882"}],"curies":[{"name":"wp","href":"https:\/\/api.w.org\/{rel}","templated":true}]}}