{"id":1827,"date":"2013-12-25T13:56:15","date_gmt":"2013-12-25T10:56:15","guid":{"rendered":"http:\/\/ewelt.org\/blog\/?p=1827"},"modified":"2017-07-07T15:33:20","modified_gmt":"2017-07-07T13:33:20","slug":"weihnachtsmarkt-koln-dom","status":"publish","type":"post","link":"https:\/\/ewelt.org\/blog\/foto\/weihnachtsmarkt-koln-dom\/","title":{"rendered":"Weihnachtsmarkt in K\u00f6ln. Am Dom."},"content":{"rendered":"<p>Einer der letzten Weihnachtsm\u00e4rkte in diesem Jahr. Es werden noch paar folgen, aber etwas sp\u00e4ter \ud83d\ude09 Und jetzt geniest die Weihnachtszeit!<\/p>\n<p><img decoding=\"async\" alt=\"\" src=\"https:\/\/img.ewelt.org\/pics\/upashi\/Germany\/2013\/Weihnachtsmarkt\/Koeln\/2013-12-04_173031_6D_7818.jpg\" \/><\/p>\n<p><!--more--><\/p>\n<p style=\"margin: 0px 0px 8px; padding: 0px;\">1.<\/p>\n<p style=\"margin: 0px; padding: 0px;\"><img decoding=\"async\" alt=\"\" src=\"https:\/\/img.ewelt.org\/pics\/upashi\/Germany\/2013\/Weihnachtsmarkt\/Koeln\/2013-12-04_172553_6D_7800.jpg\" \/><\/p>\n<p style=\"margin: 0px 0px 8px; padding: 0px;\">2.<\/p>\n<p style=\"margin: 0px; padding: 0px;\"><img decoding=\"async\" alt=\"\" src=\"https:\/\/img.ewelt.org\/pics\/upashi\/Germany\/2013\/Weihnachtsmarkt\/Koeln\/2013-12-04_172601_6D_7801.jpg\" \/><\/p>\n<p style=\"margin: 0px 0px 8px; padding: 0px;\">3.<\/p>\n<p style=\"margin: 0px; padding: 0px;\"><img loading=\"lazy\" decoding=\"async\" alt=\"\" src=\"https:\/\/img.ewelt.org\/pics\/upashi\/Germany\/2013\/Weihnachtsmarkt\/Koeln\/2013-12-04_172436_6D_7798.jpg\" width=\"1000\" height=\"667\" \/><\/p>\n<p style=\"margin: 0px 0px 8px; padding: 0px;\">4.<\/p>\n<p style=\"margin: 0px; padding: 0px;\"><img decoding=\"async\" alt=\"\" src=\"https:\/\/img.ewelt.org\/pics\/upashi\/Germany\/2013\/Weihnachtsmarkt\/Koeln\/2013-12-04_172638_6D_7803.jpg\" \/><\/p>\n<p style=\"margin: 0px 0px 8px; padding: 0px;\">5.<\/p>\n<p style=\"margin: 0px; padding: 0px;\"><img decoding=\"async\" alt=\"\" src=\"https:\/\/img.ewelt.org\/pics\/upashi\/Germany\/2013\/Weihnachtsmarkt\/Koeln\/2013-12-04_172701_6D_7805.jpg\" \/><\/p>\n<p style=\"margin: 0px 0px 8px; padding: 0px;\">6.<\/p>\n<p style=\"margin: 0px; padding: 0px;\"><img decoding=\"async\" alt=\"\" src=\"https:\/\/img.ewelt.org\/pics\/upashi\/Germany\/2013\/Weihnachtsmarkt\/Koeln\/2013-12-04_172711_6D_7806.jpg\" \/><\/p>\n<p style=\"margin: 0px 0px 8px; padding: 0px;\">7.<\/p>\n<p style=\"margin: 0px; padding: 0px;\"><img decoding=\"async\" alt=\"\" src=\"https:\/\/img.ewelt.org\/pics\/upashi\/Germany\/2013\/Weihnachtsmarkt\/Koeln\/2013-12-04_172727_6D_7807.jpg\" \/><\/p>\n<p style=\"margin: 0px 0px 8px; padding: 0px;\">8.<\/p>\n<p style=\"margin: 0px; padding: 0px;\"><img decoding=\"async\" alt=\"\" src=\"https:\/\/img.ewelt.org\/pics\/upashi\/Germany\/2013\/Weihnachtsmarkt\/Koeln\/2013-12-04_175924_6D_7871.jpg\" \/><\/p>\n<p style=\"margin: 0px 0px 8px; padding: 0px;\">9.<\/p>\n<p style=\"margin: 0px; padding: 0px;\"><img decoding=\"async\" alt=\"\" src=\"https:\/\/img.ewelt.org\/pics\/upashi\/Germany\/2013\/Weihnachtsmarkt\/Koeln\/2013-12-04_172800_6D_7809.jpg\" \/><\/p>\n<p style=\"margin: 0px 0px 8px; padding: 0px;\">10.<\/p>\n<p style=\"margin: 0px; padding: 0px;\"><img decoding=\"async\" alt=\"\" src=\"https:\/\/img.ewelt.org\/pics\/upashi\/Germany\/2013\/Weihnachtsmarkt\/Koeln\/2013-12-04_172743_6D_7808.jpg\" \/><\/p>\n<p style=\"margin: 0px 0px 8px; padding: 0px;\">11.<\/p>\n<p style=\"margin: 0px; padding: 0px;\"><img decoding=\"async\" alt=\"\" src=\"https:\/\/img.ewelt.org\/pics\/upashi\/Germany\/2013\/Weihnachtsmarkt\/Koeln\/2013-12-04_175938_6D_7872.jpg\" \/><\/p>\n<p style=\"margin: 0px 0px 8px; padding: 0px;\">12.<\/p>\n<p style=\"margin: 0px; padding: 0px;\"><img decoding=\"async\" alt=\"\" src=\"https:\/\/img.ewelt.org\/pics\/upashi\/Germany\/2013\/Weihnachtsmarkt\/Koeln\/2013-12-04_172904_6D_7812.jpg\" \/><\/p>\n<p style=\"margin: 0px 0px 8px; padding: 0px;\">13.<\/p>\n<p style=\"margin: 0px; padding: 0px;\"><img decoding=\"async\" alt=\"\" src=\"https:\/\/img.ewelt.org\/pics\/upashi\/Germany\/2013\/Weihnachtsmarkt\/Koeln\/2013-12-04_172920_6D_7813.jpg\" \/><\/p>\n<p style=\"margin: 0px 0px 8px; padding: 0px;\">14.<\/p>\n<p style=\"margin: 0px; padding: 0px;\"><img decoding=\"async\" alt=\"\" src=\"https:\/\/img.ewelt.org\/pics\/upashi\/Germany\/2013\/Weihnachtsmarkt\/Koeln\/2013-12-04_172940_6D_7814.jpg\" \/><\/p>\n<p style=\"margin: 0px 0px 8px; padding: 0px;\">15.<\/p>\n<p style=\"margin: 0px; padding: 0px;\"><img decoding=\"async\" alt=\"\" src=\"https:\/\/img.ewelt.org\/pics\/upashi\/Germany\/2013\/Weihnachtsmarkt\/Koeln\/2013-12-04_172826_6D_7810.jpg\" \/><\/p>\n<p style=\"margin: 0px 0px 8px; padding: 0px;\">16.<\/p>\n<p style=\"margin: 0px; padding: 0px;\"><img decoding=\"async\" alt=\"\" src=\"https:\/\/img.ewelt.org\/pics\/upashi\/Germany\/2013\/Weihnachtsmarkt\/Koeln\/2013-12-04_173045_6D_7819.jpg\" \/><\/p>\n<p style=\"margin: 0px 0px 8px; padding: 0px;\">17.<\/p>\n<p style=\"margin: 0px; padding: 0px;\"><img decoding=\"async\" alt=\"\" src=\"https:\/\/img.ewelt.org\/pics\/upashi\/Germany\/2013\/Weihnachtsmarkt\/Koeln\/2013-12-04_173045_6D_7819-2.jpg\" \/><\/p>\n<p style=\"margin: 0px 0px 8px; padding: 0px;\">18.<\/p>\n<p style=\"margin: 0px; padding: 0px;\"><img decoding=\"async\" alt=\"\" src=\"https:\/\/img.ewelt.org\/pics\/upashi\/Germany\/2013\/Weihnachtsmarkt\/Koeln\/2013-12-04_173111_6D_7821.jpg\" \/><\/p>\n<p style=\"margin: 0px 0px 8px; padding: 0px;\">19.<\/p>\n<p style=\"margin: 0px; padding: 0px;\"><img decoding=\"async\" alt=\"\" src=\"https:\/\/img.ewelt.org\/pics\/upashi\/Germany\/2013\/Weihnachtsmarkt\/Koeln\/2013-12-04_173143_6D_7822.jpg\" \/><\/p>\n<p style=\"margin: 0px 0px 8px; padding: 0px;\">20.<\/p>\n<p style=\"margin: 0px; padding: 0px;\"><img decoding=\"async\" alt=\"\" src=\"https:\/\/img.ewelt.org\/pics\/upashi\/Germany\/2013\/Weihnachtsmarkt\/Koeln\/2013-12-04_173242_6D_7823.jpg\" \/><\/p>\n<p style=\"margin: 0px 0px 8px; padding: 0px;\">21.<\/p>\n<p style=\"margin: 0px; padding: 0px;\"><img decoding=\"async\" alt=\"\" src=\"https:\/\/img.ewelt.org\/pics\/upashi\/Germany\/2013\/Weihnachtsmarkt\/Koeln\/2013-12-04_173336_6D_7824.jpg\" \/><\/p>\n<p style=\"margin: 0px 0px 8px; padding: 0px;\">22.<\/p>\n<p style=\"margin: 0px; padding: 0px;\"><img decoding=\"async\" alt=\"\" src=\"https:\/\/img.ewelt.org\/pics\/upashi\/Germany\/2013\/Weihnachtsmarkt\/Koeln\/2013-12-04_174042_6D_7830.jpg\" \/><\/p>\n<p style=\"margin: 0px 0px 8px; padding: 0px;\">23.<\/p>\n<p style=\"margin: 0px; padding: 0px;\"><img decoding=\"async\" alt=\"\" src=\"https:\/\/img.ewelt.org\/pics\/upashi\/Germany\/2013\/Weihnachtsmarkt\/Koeln\/2013-12-04_174354_6D_7833.jpg\" \/><\/p>\n<p style=\"margin: 0px 0px 8px; padding: 0px;\">24.<\/p>\n<p style=\"margin: 0px; padding: 0px;\"><img decoding=\"async\" alt=\"\" src=\"https:\/\/img.ewelt.org\/pics\/upashi\/Germany\/2013\/Weihnachtsmarkt\/Koeln\/2013-12-04_174358_6D_7834.jpg\" \/><\/p>\n<p style=\"margin: 0px 0px 8px; padding: 0px;\">25.<\/p>\n<p style=\"margin: 0px; padding: 0px;\"><img decoding=\"async\" alt=\"\" src=\"https:\/\/img.ewelt.org\/pics\/upashi\/Germany\/2013\/Weihnachtsmarkt\/Koeln\/2013-12-04_174413_6D_7835.jpg\" \/><\/p>\n<p style=\"margin: 0px 0px 8px; padding: 0px;\">26.<\/p>\n<p style=\"margin: 0px; padding: 0px;\"><img decoding=\"async\" alt=\"\" src=\"https:\/\/img.ewelt.org\/pics\/upashi\/Germany\/2013\/Weihnachtsmarkt\/Koeln\/2013-12-04_174417_6D_7836.jpg\" \/><\/p>\n<p style=\"margin: 0px 0px 8px; padding: 0px;\">27.<\/p>\n<p style=\"margin: 0px; padding: 0px;\"><img decoding=\"async\" alt=\"\" src=\"https:\/\/img.ewelt.org\/pics\/upashi\/Germany\/2013\/Weihnachtsmarkt\/Koeln\/2013-12-04_174549_6D_7838.jpg\" \/><\/p>\n<p style=\"margin: 0px 0px 8px; padding: 0px;\">28.<\/p>\n<p style=\"margin: 0px; padding: 0px;\"><img decoding=\"async\" alt=\"\" src=\"https:\/\/img.ewelt.org\/pics\/upashi\/Germany\/2013\/Weihnachtsmarkt\/Koeln\/2013-12-04_174556_6D_7839.jpg\" \/><\/p>\n<p style=\"margin: 0px 0px 8px; padding: 0px;\">29.<\/p>\n<p style=\"margin: 0px; padding: 0px;\"><img decoding=\"async\" alt=\"\" src=\"https:\/\/img.ewelt.org\/pics\/upashi\/Germany\/2013\/Weihnachtsmarkt\/Koeln\/2013-12-04_174622_6D_7840.jpg\" \/><\/p>\n<p style=\"margin: 0px 0px 8px; padding: 0px;\">30.<\/p>\n<p style=\"margin: 0px; padding: 0px;\"><img decoding=\"async\" alt=\"\" src=\"https:\/\/img.ewelt.org\/pics\/upashi\/Germany\/2013\/Weihnachtsmarkt\/Koeln\/2013-12-04_174703_6D_7842.jpg\" \/><\/p>\n<p style=\"margin: 0px 0px 8px; padding: 0px;\">31.<\/p>\n<p style=\"margin: 0px; padding: 0px;\"><img decoding=\"async\" alt=\"\" src=\"https:\/\/img.ewelt.org\/pics\/upashi\/Germany\/2013\/Weihnachtsmarkt\/Koeln\/2013-12-04_174732_6D_7843.jpg\" \/><\/p>\n<p style=\"margin: 0px 0px 8px; padding: 0px;\">32.<\/p>\n<p style=\"margin: 0px; padding: 0px;\"><img decoding=\"async\" alt=\"\" src=\"https:\/\/img.ewelt.org\/pics\/upashi\/Germany\/2013\/Weihnachtsmarkt\/Koeln\/2013-12-04_174842_6D_7847.jpg\" \/><\/p>\n<p style=\"margin: 0px 0px 8px; padding: 0px;\">33.<\/p>\n<p style=\"margin: 0px; padding: 0px;\"><img decoding=\"async\" alt=\"\" src=\"https:\/\/img.ewelt.org\/pics\/upashi\/Germany\/2013\/Weihnachtsmarkt\/Koeln\/2013-12-04_174859_6D_7848.jpg\" \/><\/p>\n<p style=\"margin: 0px 0px 8px; padding: 0px;\">34.<\/p>\n<p style=\"margin: 0px; padding: 0px;\"><img decoding=\"async\" alt=\"\" src=\"https:\/\/img.ewelt.org\/pics\/upashi\/Germany\/2013\/Weihnachtsmarkt\/Koeln\/2013-12-04_174958_6D_7849.jpg\" \/><\/p>\n<p style=\"margin: 0px 0px 8px; padding: 0px;\">35.<\/p>\n<p style=\"margin: 0px; padding: 0px;\"><img decoding=\"async\" alt=\"\" src=\"https:\/\/img.ewelt.org\/pics\/upashi\/Germany\/2013\/Weihnachtsmarkt\/Koeln\/2013-12-04_175121_6D_7851.jpg\" \/><\/p>\n<p style=\"margin: 0px 0px 8px; padding: 0px;\">36.<\/p>\n<p style=\"margin: 0px; padding: 0px;\"><img decoding=\"async\" alt=\"\" src=\"https:\/\/img.ewelt.org\/pics\/upashi\/Germany\/2013\/Weihnachtsmarkt\/Koeln\/2013-12-04_175142_6D_7853.jpg\" \/><\/p>\n<p style=\"margin: 0px 0px 8px; padding: 0px;\">37.<\/p>\n<p style=\"margin: 0px; padding: 0px;\"><img decoding=\"async\" alt=\"\" src=\"https:\/\/img.ewelt.org\/pics\/upashi\/Germany\/2013\/Weihnachtsmarkt\/Koeln\/2013-12-04_175205_6D_7854.jpg\" \/><\/p>\n<p style=\"margin: 0px 0px 8px; padding: 0px;\">38.<\/p>\n<p style=\"margin: 0px; padding: 0px;\"><img decoding=\"async\" alt=\"\" src=\"https:\/\/img.ewelt.org\/pics\/upashi\/Germany\/2013\/Weihnachtsmarkt\/Koeln\/2013-12-04_175224_6D_7855.jpg\" \/><\/p>\n<p style=\"margin: 0px 0px 8px; padding: 0px;\">39.<\/p>\n<p style=\"margin: 0px; padding: 0px;\"><img decoding=\"async\" alt=\"\" src=\"https:\/\/img.ewelt.org\/pics\/upashi\/Germany\/2013\/Weihnachtsmarkt\/Koeln\/2013-12-04_175235_6D_7856.jpg\" \/><\/p>\n<p style=\"margin: 0px 0px 8px; padding: 0px;\">40.<\/p>\n<p style=\"margin: 0px; padding: 0px;\"><img decoding=\"async\" alt=\"\" src=\"https:\/\/img.ewelt.org\/pics\/upashi\/Germany\/2013\/Weihnachtsmarkt\/Koeln\/2013-12-04_175304_6D_7857.jpg\" \/><\/p>\n<p style=\"margin: 0px 0px 8px; padding: 0px;\">41.<\/p>\n<p style=\"margin: 0px; padding: 0px;\"><img decoding=\"async\" alt=\"\" src=\"https:\/\/img.ewelt.org\/pics\/upashi\/Germany\/2013\/Weihnachtsmarkt\/Koeln\/2013-12-04_175406_6D_7859.jpg\" \/><\/p>\n<p style=\"margin: 0px 0px 8px; padding: 0px;\">42.<\/p>\n<p style=\"margin: 0px; padding: 0px;\"><img decoding=\"async\" alt=\"\" src=\"https:\/\/img.ewelt.org\/pics\/upashi\/Germany\/2013\/Weihnachtsmarkt\/Koeln\/2013-12-04_175414_6D_7860.jpg\" \/><\/p>\n<p style=\"margin: 0px 0px 8px; padding: 0px;\">43.<\/p>\n<p style=\"margin: 0px; padding: 0px;\"><img decoding=\"async\" alt=\"\" src=\"https:\/\/img.ewelt.org\/pics\/upashi\/Germany\/2013\/Weihnachtsmarkt\/Koeln\/2013-12-04_175514_6D_7864.jpg\" \/><\/p>\n<p style=\"margin: 0px 0px 8px; padding: 0px;\">44.<\/p>\n<p style=\"margin: 0px; padding: 0px;\"><img decoding=\"async\" alt=\"\" src=\"https:\/\/img.ewelt.org\/pics\/upashi\/Germany\/2013\/Weihnachtsmarkt\/Koeln\/2013-12-04_175558_6D_7865.jpg\" \/><\/p>\n<p style=\"margin: 0px 0px 8px; padding: 0px;\">45.<\/p>\n<p style=\"margin: 0px; padding: 0px;\"><img decoding=\"async\" alt=\"\" src=\"https:\/\/img.ewelt.org\/pics\/upashi\/Germany\/2013\/Weihnachtsmarkt\/Koeln\/2013-12-04_175605_6D_7866.jpg\" \/><\/p>\n<p style=\"margin: 0px 0px 8px; padding: 0px;\">46.<\/p>\n<p style=\"margin: 0px; padding: 0px;\"><img decoding=\"async\" alt=\"\" src=\"https:\/\/img.ewelt.org\/pics\/upashi\/Germany\/2013\/Weihnachtsmarkt\/Koeln\/2013-12-04_175647_6D_7867.jpg\" \/><\/p>\n<p style=\"margin: 0px 0px 8px; padding: 0px;\">47.<\/p>\n<p style=\"margin: 0px; padding: 0px;\"><img decoding=\"async\" alt=\"\" src=\"https:\/\/img.ewelt.org\/pics\/upashi\/Germany\/2013\/Weihnachtsmarkt\/Koeln\/2013-12-04_175746_6D_7869.jpg\" \/><\/p>\n<p style=\"margin: 0px 0px 8px; padding: 0px;\">48.<\/p>\n<p style=\"margin: 0px; padding: 0px;\"><img decoding=\"async\" alt=\"\" src=\"https:\/\/img.ewelt.org\/pics\/upashi\/Germany\/2013\/Weihnachtsmarkt\/Koeln\/2013-12-04_175817_6D_7870.jpg\" \/><\/p>\n<p style=\"margin: 0px 0px 8px; padding: 0px;\">49.<\/p>\n<p style=\"margin: 0px; padding: 0px;\"><img decoding=\"async\" alt=\"\" src=\"https:\/\/img.ewelt.org\/pics\/upashi\/Germany\/2013\/Weihnachtsmarkt\/Koeln\/2013-12-04_180257_6D_7873.jpg\" \/><\/p>\n<p style=\"margin: 0px 0px 8px; padding: 0px;\">50.<\/p>\n<p style=\"margin: 0px; padding: 0px;\"><img decoding=\"async\" alt=\"\" src=\"https:\/\/img.ewelt.org\/pics\/upashi\/Germany\/2013\/Weihnachtsmarkt\/Koeln\/2013-12-04_180532_6D_7879.jpg\" \/><\/p>\n<p style=\"margin: 0px 0px 8px; padding: 0px;\">51.<\/p>\n<p style=\"margin: 0px; padding: 0px;\"><img decoding=\"async\" alt=\"\" src=\"https:\/\/img.ewelt.org\/pics\/upashi\/Germany\/2013\/Weihnachtsmarkt\/Koeln\/2013-12-04_180706_6D_7881.jpg\" \/><\/p>\n<p style=\"margin: 0px 0px 8px; padding: 0px;\">52.<\/p>\n<p style=\"margin: 0px; padding: 0px;\"><img decoding=\"async\" alt=\"\" src=\"https:\/\/img.ewelt.org\/pics\/upashi\/Germany\/2013\/Weihnachtsmarkt\/Koeln\/2013-12-04_180832_6D_7885.jpg\" \/><\/p>\n<p style=\"margin: 0px 0px 8px; padding: 0px;\">53.<\/p>\n<p style=\"margin: 0px; padding: 0px;\"><img decoding=\"async\" alt=\"\" src=\"https:\/\/img.ewelt.org\/pics\/upashi\/Germany\/2013\/Weihnachtsmarkt\/Koeln\/2013-12-04_180912_6D_7886.jpg\" \/><\/p>\n<p style=\"margin: 0px 0px 8px; padding: 0px;\">54.<\/p>\n<p style=\"margin: 0px; padding: 0px;\"><img decoding=\"async\" alt=\"\" src=\"https:\/\/img.ewelt.org\/pics\/upashi\/Germany\/2013\/Weihnachtsmarkt\/Koeln\/2013-12-04_181012_6D_7887.jpg\" \/><\/p>\n<p>Bleiben Sie dran!<br \/>\n<a href=\"http:\/\/instagram.com\/upashi\" target=\"_blank\"><img decoding=\"async\" title=\"Instagram\" alt=\"\" src=\"http:\/\/vladlenabdullin.ru\/logos_ios\/inst.png\" border=\"0\" \/><\/a> <a href=\"http:\/\/www.facebook.com\/peremeev\" target=\"_blank\"><img loading=\"lazy\" decoding=\"async\" title=\"Facebook\" alt=\"\" src=\"http:\/\/vladlenabdullin.ru\/logos_ios\/fb.png\" width=\"57\" height=\"57\" border=\"0\" \/><\/a><\/p>\n","protected":false},"excerpt":{"rendered":"<p>Einer der letzten Weihnachtsm\u00e4rkte in diesem Jahr. Es werden noch paar folgen, aber etwas sp\u00e4ter \ud83d\ude09 Und jetzt geniest die Weihnachtszeit!<\/p>\n","protected":false},"author":1,"featured_media":0,"comment_status":"open","ping_status":"closed","sticky":false,"template":"","format":"standard","meta":{"iawp_total_views":11,"footnotes":""},"categories":[430,34],"tags":[426,439,389,434,438],"class_list":["post-1827","post","type-post","status-publish","format-standard","hentry","category-events","category-foto","tag-426","tag-dom","tag-koln","tag-weihnachten","tag-weihnachtsmarkt","entry"],"_links":{"self":[{"href":"https:\/\/ewelt.org\/blog\/wp-json\/wp\/v2\/posts\/1827","targetHints":{"allow":["GET"]}}],"collection":[{"href":"https:\/\/ewelt.org\/blog\/wp-json\/wp\/v2\/posts"}],"about":[{"href":"https:\/\/ewelt.org\/blog\/wp-json\/wp\/v2\/types\/post"}],"author":[{"embeddable":true,"href":"https:\/\/ewelt.org\/blog\/wp-json\/wp\/v2\/users\/1"}],"replies":[{"embeddable":true,"href":"https:\/\/ewelt.org\/blog\/wp-json\/wp\/v2\/comments?post=1827"}],"version-history":[{"count":2,"href":"https:\/\/ewelt.org\/blog\/wp-json\/wp\/v2\/posts\/1827\/revisions"}],"predecessor-version":[{"id":2386,"href":"https:\/\/ewelt.org\/blog\/wp-json\/wp\/v2\/posts\/1827\/revisions\/2386"}],"wp:attachment":[{"href":"https:\/\/ewelt.org\/blog\/wp-json\/wp\/v2\/media?parent=1827"}],"wp:term":[{"taxonomy":"category","embeddable":true,"href":"https:\/\/ewelt.org\/blog\/wp-json\/wp\/v2\/categories?post=1827"},{"taxonomy":"post_tag","embeddable":true,"href":"https:\/\/ewelt.org\/blog\/wp-json\/wp\/v2\/tags?post=1827"}],"curies":[{"name":"wp","href":"https:\/\/api.w.org\/{rel}","templated":true}]}}