{"id":1822,"date":"2013-12-18T23:15:51","date_gmt":"2013-12-18T20:15:51","guid":{"rendered":"http:\/\/ewelt.org\/blog\/?p=1822"},"modified":"2017-07-07T15:33:08","modified_gmt":"2017-07-07T13:33:08","slug":"weihnachtsmark-koln-neumarkt","status":"publish","type":"post","link":"https:\/\/ewelt.org\/blog\/foto\/weihnachtsmark-koln-neumarkt\/","title":{"rendered":"Weihnachtsmark in K\u00f6ln. Neumarkt"},"content":{"rendered":"<p>Ich der Zwischenzeit bin weiter durch die Stadt gezogen. Die Feiertage n\u00e4hern sich schon und ich bin noch nicht ganz durch die Weihnachtsm\u00e4rkte zu posten \ud83d\ude09 Da hole ich direkt nach. Mit Dabei zwei Objektive zum Testen: Symyang 14mm f2.8 und Sigma 50mm f1.4. Die beiden Sch\u00e4tzchen machen ihre Arbeit sehr gut. Dank Samyang habe ich die M\u00f6glichkeit Weitwinkelaufnahmen zu machen\u00a0 und mit Sigma die Objekte frei zustellen.<\/p>\n<p>Also: Herzlich willkommen &#8212;&#8211;&gt;<\/p>\n<p style=\"margin: 0px; padding: 0px;\"><img decoding=\"async\" src=\"https:\/\/img.ewelt.org\/pics\/upashi\/Germany\/2013\/Weihnachtsmarkt\/Koeln\/2013-12-04_165729_6D_7753.jpg\" alt=\"\" \/><\/p>\n<p><!--more--><\/p>\n<p style=\"margin: 0px 0px 8px; padding: 0px;\">1.<\/p>\n<p style=\"margin: 0px; padding: 0px;\"><img decoding=\"async\" src=\"https:\/\/img.ewelt.org\/pics\/upashi\/Germany\/2013\/Weihnachtsmarkt\/Koeln\/2013-12-04_165123_6D_7743.jpg\" alt=\"\" \/><\/p>\n<p style=\"margin: 0px 0px 8px; padding: 0px;\">2.<\/p>\n<p style=\"margin: 0px; padding: 0px;\"><img decoding=\"async\" src=\"https:\/\/img.ewelt.org\/pics\/upashi\/Germany\/2013\/Weihnachtsmarkt\/Koeln\/2013-12-04_165317_6D_7744.jpg\" alt=\"\" \/><\/p>\n<p style=\"margin: 0px 0px 8px; padding: 0px;\">3.<\/p>\n<p style=\"margin: 0px; padding: 0px;\"><img decoding=\"async\" src=\"https:\/\/img.ewelt.org\/pics\/upashi\/Germany\/2013\/Weihnachtsmarkt\/Koeln\/2013-12-04_165535_6D_7747.jpg\" alt=\"\" \/><\/p>\n<p style=\"margin: 0px 0px 8px; padding: 0px;\">4.<\/p>\n<p style=\"margin: 0px; padding: 0px;\"><img decoding=\"async\" src=\"https:\/\/img.ewelt.org\/pics\/upashi\/Germany\/2013\/Weihnachtsmarkt\/Koeln\/2013-12-04_165506_6D_7746.jpg\" alt=\"\" \/><\/p>\n<p style=\"margin: 0px 0px 8px; padding: 0px;\">5.<\/p>\n<p style=\"margin: 0px; padding: 0px;\"><img decoding=\"async\" src=\"https:\/\/img.ewelt.org\/pics\/upashi\/Germany\/2013\/Weihnachtsmarkt\/Koeln\/2013-12-04_165600_6D_7749.jpg\" alt=\"\" \/><\/p>\n<p style=\"margin: 0px 0px 8px; padding: 0px;\">6.<\/p>\n<p style=\"margin: 0px; padding: 0px;\"><img decoding=\"async\" src=\"https:\/\/img.ewelt.org\/pics\/upashi\/Germany\/2013\/Weihnachtsmarkt\/Koeln\/2013-12-04_165719_6D_7752.jpg\" alt=\"\" \/><\/p>\n<p style=\"margin: 0px 0px 8px; padding: 0px;\">7.<\/p>\n<p style=\"margin: 0px; padding: 0px;\"><img decoding=\"async\" src=\"https:\/\/img.ewelt.org\/pics\/upashi\/Germany\/2013\/Weihnachtsmarkt\/Koeln\/2013-12-04_165755_6D_7755.jpg\" alt=\"\" \/><\/p>\n<p style=\"margin: 0px 0px 8px; padding: 0px;\">8.<\/p>\n<p style=\"margin: 0px; padding: 0px;\"><img decoding=\"async\" src=\"https:\/\/img.ewelt.org\/pics\/upashi\/Germany\/2013\/Weihnachtsmarkt\/Koeln\/2013-12-04_165804_6D_7756.jpg\" alt=\"\" \/><\/p>\n<p style=\"margin: 0px 0px 8px; padding: 0px;\">9.<\/p>\n<p style=\"margin: 0px; padding: 0px;\"><img decoding=\"async\" src=\"https:\/\/img.ewelt.org\/pics\/upashi\/Germany\/2013\/Weihnachtsmarkt\/Koeln\/2013-12-04_165833_6D_7757.jpg\" alt=\"\" \/><\/p>\n<p style=\"margin: 0px 0px 8px; padding: 0px;\">10.<\/p>\n<p style=\"margin: 0px; padding: 0px;\"><img decoding=\"async\" src=\"https:\/\/img.ewelt.org\/pics\/upashi\/Germany\/2013\/Weihnachtsmarkt\/Koeln\/2013-12-04_165856_6D_7758.jpg\" alt=\"\" \/><\/p>\n<p style=\"margin: 0px 0px 8px; padding: 0px;\">11.<\/p>\n<p style=\"margin: 0px; padding: 0px;\"><img decoding=\"async\" src=\"https:\/\/img.ewelt.org\/pics\/upashi\/Germany\/2013\/Weihnachtsmarkt\/Koeln\/2013-12-04_165926_6D_7759.jpg\" alt=\"\" \/><\/p>\n<p style=\"margin: 0px 0px 8px; padding: 0px;\">12.<\/p>\n<p style=\"margin: 0px; padding: 0px;\"><img decoding=\"async\" src=\"https:\/\/img.ewelt.org\/pics\/upashi\/Germany\/2013\/Weihnachtsmarkt\/Koeln\/2013-12-04_165741_6D_7754.jpg\" alt=\"\" \/><\/p>\n<p style=\"margin: 0px 0px 8px; padding: 0px;\">13.<\/p>\n<p style=\"margin: 0px; padding: 0px;\"><img decoding=\"async\" src=\"https:\/\/img.ewelt.org\/pics\/upashi\/Germany\/2013\/Weihnachtsmarkt\/Koeln\/2013-12-04_170003_6D_7761.jpg\" alt=\"\" \/><\/p>\n<p style=\"margin: 0px 0px 8px; padding: 0px;\">14.<\/p>\n<p style=\"margin: 0px; padding: 0px;\"><img decoding=\"async\" src=\"https:\/\/img.ewelt.org\/pics\/upashi\/Germany\/2013\/Weihnachtsmarkt\/Koeln\/2013-12-04_170036_6D_7763.jpg\" alt=\"\" \/><\/p>\n<p style=\"margin: 0px 0px 8px; padding: 0px;\">15.<\/p>\n<p style=\"margin: 0px; padding: 0px;\"><img decoding=\"async\" src=\"https:\/\/img.ewelt.org\/pics\/upashi\/Germany\/2013\/Weihnachtsmarkt\/Koeln\/2013-12-04_170043_6D_7764.jpg\" alt=\"\" \/><\/p>\n<p style=\"margin: 0px 0px 8px; padding: 0px;\">16.<\/p>\n<p style=\"margin: 0px; padding: 0px;\"><img decoding=\"async\" src=\"https:\/\/img.ewelt.org\/pics\/upashi\/Germany\/2013\/Weihnachtsmarkt\/Koeln\/2013-12-04_170049_6D_7765.jpg\" alt=\"\" \/><\/p>\n<p style=\"margin: 0px 0px 8px; padding: 0px;\">17.<\/p>\n<p style=\"margin: 0px; padding: 0px;\"><img decoding=\"async\" src=\"https:\/\/img.ewelt.org\/pics\/upashi\/Germany\/2013\/Weihnachtsmarkt\/Koeln\/2013-12-04_170101_6D_7766.jpg\" alt=\"\" \/><\/p>\n<p style=\"margin: 0px 0px 8px; padding: 0px;\">18.<\/p>\n<p style=\"margin: 0px; padding: 0px;\"><img decoding=\"async\" src=\"https:\/\/img.ewelt.org\/pics\/upashi\/Germany\/2013\/Weihnachtsmarkt\/Koeln\/2013-12-04_170122_6D_7767.jpg\" alt=\"\" \/><\/p>\n<p style=\"margin: 0px 0px 8px; padding: 0px;\">19.<\/p>\n<p style=\"margin: 0px; padding: 0px;\"><img decoding=\"async\" src=\"https:\/\/img.ewelt.org\/pics\/upashi\/Germany\/2013\/Weihnachtsmarkt\/Koeln\/2013-12-04_170128_6D_7768.jpg\" alt=\"\" \/><\/p>\n<p style=\"margin: 0px 0px 8px; padding: 0px;\">20.<\/p>\n<p style=\"margin: 0px; padding: 0px;\"><img decoding=\"async\" src=\"https:\/\/img.ewelt.org\/pics\/upashi\/Germany\/2013\/Weihnachtsmarkt\/Koeln\/2013-12-04_170324_6D_7773.jpg\" alt=\"\" \/><\/p>\n<p style=\"margin: 0px 0px 8px; padding: 0px;\">21.<\/p>\n<p style=\"margin: 0px; padding: 0px;\"><img decoding=\"async\" src=\"https:\/\/img.ewelt.org\/pics\/upashi\/Germany\/2013\/Weihnachtsmarkt\/Koeln\/2013-12-04_170135_6D_7769.jpg\" alt=\"\" \/><\/p>\n<p style=\"margin: 0px 0px 8px; padding: 0px;\">22.<\/p>\n<p style=\"margin: 0px; padding: 0px;\"><img decoding=\"async\" src=\"https:\/\/img.ewelt.org\/pics\/upashi\/Germany\/2013\/Weihnachtsmarkt\/Koeln\/2013-12-04_170148_6D_7770.jpg\" alt=\"\" \/><\/p>\n<p style=\"margin: 0px 0px 8px; padding: 0px;\">23.<\/p>\n<p style=\"margin: 0px; padding: 0px;\"><img decoding=\"async\" src=\"https:\/\/img.ewelt.org\/pics\/upashi\/Germany\/2013\/Weihnachtsmarkt\/Koeln\/2013-12-04_170254_6D_7771.jpg\" alt=\"\" \/><\/p>\n<p style=\"margin: 0px 0px 8px; padding: 0px;\">24.<\/p>\n<p style=\"margin: 0px; padding: 0px;\"><img decoding=\"async\" src=\"https:\/\/img.ewelt.org\/pics\/upashi\/Germany\/2013\/Weihnachtsmarkt\/Koeln\/2013-12-04_170302_6D_7772.jpg\" alt=\"\" \/><\/p>\n<p style=\"margin: 0px 0px 8px; padding: 0px;\">25.<\/p>\n<p style=\"margin: 0px; padding: 0px;\"><img decoding=\"async\" src=\"https:\/\/img.ewelt.org\/pics\/upashi\/Germany\/2013\/Weihnachtsmarkt\/Koeln\/2013-12-04_170357_6D_7774.jpg\" alt=\"\" \/><\/p>\n<p style=\"margin: 0px 0px 8px; padding: 0px;\">26.<\/p>\n<p style=\"margin: 0px; padding: 0px;\"><img decoding=\"async\" src=\"https:\/\/img.ewelt.org\/pics\/upashi\/Germany\/2013\/Weihnachtsmarkt\/Koeln\/2013-12-04_170405_6D_7775.jpg\" alt=\"\" \/><\/p>\n<p style=\"margin: 0px 0px 8px; padding: 0px;\">27.<\/p>\n<p style=\"margin: 0px; padding: 0px;\"><img decoding=\"async\" src=\"https:\/\/img.ewelt.org\/pics\/upashi\/Germany\/2013\/Weihnachtsmarkt\/Koeln\/2013-12-04_170430_6D_7776.jpg\" alt=\"\" \/><\/p>\n<p style=\"margin: 0px 0px 8px; padding: 0px;\">28.<\/p>\n<p style=\"margin: 0px; padding: 0px;\"><img decoding=\"async\" src=\"https:\/\/img.ewelt.org\/pics\/upashi\/Germany\/2013\/Weihnachtsmarkt\/Koeln\/2013-12-04_170449_6D_7777.jpg\" alt=\"\" \/><\/p>\n<p style=\"margin: 0px 0px 8px; padding: 0px;\">29.<\/p>\n<p style=\"margin: 0px; padding: 0px;\"><img decoding=\"async\" src=\"https:\/\/img.ewelt.org\/pics\/upashi\/Germany\/2013\/Weihnachtsmarkt\/Koeln\/2013-12-04_170504_6D_7778.jpg\" alt=\"\" \/><\/p>\n<p style=\"margin: 0px 0px 8px; padding: 0px;\">30.<\/p>\n<p style=\"margin: 0px; padding: 0px;\"><img decoding=\"async\" src=\"https:\/\/img.ewelt.org\/pics\/upashi\/Germany\/2013\/Weihnachtsmarkt\/Koeln\/2013-12-04_170536_6D_7779.jpg\" alt=\"\" \/><\/p>\n<p style=\"margin: 0px 0px 8px; padding: 0px;\">31.<\/p>\n<p style=\"margin: 0px; padding: 0px;\"><img decoding=\"async\" src=\"https:\/\/img.ewelt.org\/pics\/upashi\/Germany\/2013\/Weihnachtsmarkt\/Koeln\/2013-12-04_170549_6D_7781.jpg\" alt=\"\" \/><\/p>\n<p style=\"margin: 0px 0px 8px; padding: 0px;\">32.<\/p>\n<p style=\"margin: 0px; padding: 0px;\"><img decoding=\"async\" src=\"https:\/\/img.ewelt.org\/pics\/upashi\/Germany\/2013\/Weihnachtsmarkt\/Koeln\/2013-12-04_170559_6D_7782.jpg\" alt=\"\" \/><\/p>\n<p style=\"margin: 0px 0px 8px; padding: 0px;\">33.<\/p>\n<p style=\"margin: 0px; padding: 0px;\"><img decoding=\"async\" src=\"https:\/\/img.ewelt.org\/pics\/upashi\/Germany\/2013\/Weihnachtsmarkt\/Koeln\/2013-12-04_170606_6D_7783.jpg\" alt=\"\" \/><\/p>\n<p style=\"margin: 0px 0px 8px; padding: 0px;\">34.<\/p>\n<p style=\"margin: 0px; padding: 0px;\"><img decoding=\"async\" src=\"https:\/\/img.ewelt.org\/pics\/upashi\/Germany\/2013\/Weihnachtsmarkt\/Koeln\/2013-12-04_170653_6D_7784.jpg\" alt=\"\" \/><\/p>\n<p style=\"margin: 0px 0px 8px; padding: 0px;\">35.<\/p>\n<p style=\"margin: 0px; padding: 0px;\"><img decoding=\"async\" src=\"https:\/\/img.ewelt.org\/pics\/upashi\/Germany\/2013\/Weihnachtsmarkt\/Koeln\/2013-12-04_170710_6D_7785.jpg\" alt=\"\" \/><\/p>\n<p style=\"margin: 0px 0px 8px; padding: 0px;\">36.<\/p>\n<p style=\"margin: 0px; padding: 0px;\"><img decoding=\"async\" src=\"https:\/\/img.ewelt.org\/pics\/upashi\/Germany\/2013\/Weihnachtsmarkt\/Koeln\/2013-12-04_170731_6D_7786.jpg\" alt=\"\" \/><\/p>\n<p style=\"margin: 0px 0px 8px; padding: 0px;\">37.<\/p>\n<p style=\"margin: 0px; padding: 0px;\"><img decoding=\"async\" src=\"https:\/\/img.ewelt.org\/pics\/upashi\/Germany\/2013\/Weihnachtsmarkt\/Koeln\/2013-12-04_170735_6D_7787.jpg\" alt=\"\" \/><\/p>\n<p style=\"margin: 0px 0px 8px; padding: 0px;\">38.<\/p>\n<p style=\"margin: 0px; padding: 0px;\"><img decoding=\"async\" src=\"https:\/\/img.ewelt.org\/pics\/upashi\/Germany\/2013\/Weihnachtsmarkt\/Koeln\/2013-12-04_171153_6D_7797.jpg\" alt=\"\" \/><\/p>\n<p style=\"margin: 0px 0px 8px; padding: 0px;\">39.<\/p>\n<p style=\"margin: 0px; padding: 0px;\"><img decoding=\"async\" src=\"https:\/\/img.ewelt.org\/pics\/upashi\/Germany\/2013\/Weihnachtsmarkt\/Koeln\/2013-12-04_171106_6D_7796.jpg\" alt=\"\" \/><\/p>\n<p>Bleiben Sie dran!<\/p>\n<p><a href=\"http:\/\/instagram.com\/upashi\" target=\"_blank\"><img decoding=\"async\" title=\"Instagram\" src=\"http:\/\/vladlenabdullin.ru\/logos_ios\/inst.png\" alt=\"\" border=\"0\" \/><\/a>\u00a0<a href=\"http:\/\/www.facebook.com\/peremeev\" target=\"_blank\"><img loading=\"lazy\" decoding=\"async\" title=\"Facebook\" src=\"http:\/\/vladlenabdullin.ru\/logos_ios\/fb.png\" alt=\"\" width=\"57\" height=\"57\" border=\"0\" \/><\/a><\/p>\n","protected":false},"excerpt":{"rendered":"<p>Ich der Zwischenzeit bin weiter durch die Stadt gezogen. Die Feiertage n\u00e4hern sich schon und ich bin noch nicht ganz durch die Weihnachtsm\u00e4rkte zu posten<\/p>\n<div class=\"more-link-wrapper\"><a class=\"more-link\" href=\"https:\/\/ewelt.org\/blog\/foto\/weihnachtsmark-koln-neumarkt\/\">Weiterlesen<span class=\"screen-reader-text\">Weihnachtsmark in K\u00f6ln. Neumarkt<\/span><\/a><\/div>\n","protected":false},"author":1,"featured_media":0,"comment_status":"open","ping_status":"closed","sticky":false,"template":"","format":"standard","meta":{"iawp_total_views":1,"footnotes":""},"categories":[34],"tags":[426,389,434,438],"class_list":["post-1822","post","type-post","status-publish","format-standard","hentry","category-foto","tag-426","tag-koln","tag-weihnachten","tag-weihnachtsmarkt","entry"],"_links":{"self":[{"href":"https:\/\/ewelt.org\/blog\/wp-json\/wp\/v2\/posts\/1822","targetHints":{"allow":["GET"]}}],"collection":[{"href":"https:\/\/ewelt.org\/blog\/wp-json\/wp\/v2\/posts"}],"about":[{"href":"https:\/\/ewelt.org\/blog\/wp-json\/wp\/v2\/types\/post"}],"author":[{"embeddable":true,"href":"https:\/\/ewelt.org\/blog\/wp-json\/wp\/v2\/users\/1"}],"replies":[{"embeddable":true,"href":"https:\/\/ewelt.org\/blog\/wp-json\/wp\/v2\/comments?post=1822"}],"version-history":[{"count":4,"href":"https:\/\/ewelt.org\/blog\/wp-json\/wp\/v2\/posts\/1822\/revisions"}],"predecessor-version":[{"id":2385,"href":"https:\/\/ewelt.org\/blog\/wp-json\/wp\/v2\/posts\/1822\/revisions\/2385"}],"wp:attachment":[{"href":"https:\/\/ewelt.org\/blog\/wp-json\/wp\/v2\/media?parent=1822"}],"wp:term":[{"taxonomy":"category","embeddable":true,"href":"https:\/\/ewelt.org\/blog\/wp-json\/wp\/v2\/categories?post=1822"},{"taxonomy":"post_tag","embeddable":true,"href":"https:\/\/ewelt.org\/blog\/wp-json\/wp\/v2\/tags?post=1822"}],"curies":[{"name":"wp","href":"https:\/\/api.w.org\/{rel}","templated":true}]}}