{"id":1819,"date":"2013-12-10T07:41:26","date_gmt":"2013-12-10T04:41:26","guid":{"rendered":"http:\/\/ewelt.org\/blog\/?p=1819"},"modified":"2017-07-07T15:33:06","modified_gmt":"2017-07-07T13:33:06","slug":"weihnachtsmark-rudolfplatz-koln","status":"publish","type":"post","link":"https:\/\/ewelt.org\/blog\/foto\/weihnachtsmark-rudolfplatz-koln\/","title":{"rendered":"Weihnachtsmark am Rudolfplatz. K\u00f6ln."},"content":{"rendered":"<p style=\"margin: 0px; padding: 0px;\">War neulich am Rudolfplatz, war nat\u00fcrlich nicht zuf\u00e4llig. Daf\u00fcr habe ich extra die Kamera von zu Hause zur Arbeit und von da zum Weihnachzsmarkt geschleppt \ud83d\ude09 Es hat sich auf jeden Fall gelohnt. Zwischendurch habe ich das Sigma 50mm f1\/1.4 Objektiv getestet. Dunkelheit und die Lichtst\u00e4rke des Objektivs, und zus\u00e4tzlich viele Lichter im Hintergrund &#8211; das macht schon Spa\u00df \ud83d\ude09<\/p>\n<p style=\"margin: 0px; padding: 0px;\">\n<p style=\"margin: 0px; padding: 0px;\">\n<p style=\"margin: 0px; padding: 0px;\"><img decoding=\"async\" alt=\"\" src=\"https:\/\/img.ewelt.org\/pics\/upashi\/Germany\/2013\/Weihnachtsmarkt\/Koeln\/2013-12-04_164550_6D_7737.jpg\" \/><\/p>\n<p style=\"margin: 10px 0px 0px; padding: 0px;\">\n<p><!--more--><\/p>\n<p style=\"margin: 0px 0px 8px; padding: 0px;\">1.<\/p>\n<p style=\"margin: 0px; padding: 0px;\"><img decoding=\"async\" alt=\"\" src=\"https:\/\/img.ewelt.org\/pics\/upashi\/Germany\/2013\/Weihnachtsmarkt\/Koeln\/2013-12-04_163025_6D_7680.jpg\" \/><\/p>\n<p style=\"margin: 10px 0px 0px; padding: 0px;\">\n<p style=\"margin: 0px 0px 8px; padding: 0px;\">2.<\/p>\n<p style=\"margin: 0px; padding: 0px;\"><img decoding=\"async\" alt=\"\" src=\"https:\/\/img.ewelt.org\/pics\/upashi\/Germany\/2013\/Weihnachtsmarkt\/Koeln\/2013-12-04_163050_6D_7681.jpg\" \/><\/p>\n<p style=\"margin: 10px 0px 0px; padding: 0px;\">\n<p style=\"margin: 0px 0px 8px; padding: 0px;\">3.<\/p>\n<p style=\"margin: 0px; padding: 0px;\"><img decoding=\"async\" alt=\"\" src=\"https:\/\/img.ewelt.org\/pics\/upashi\/Germany\/2013\/Weihnachtsmarkt\/Koeln\/2013-12-04_163101_6D_7682.jpg\" \/><\/p>\n<p style=\"margin: 10px 0px 0px; padding: 0px;\">\n<p style=\"margin: 0px 0px 8px; padding: 0px;\">4.<\/p>\n<p style=\"margin: 0px; padding: 0px;\"><img decoding=\"async\" alt=\"\" src=\"https:\/\/img.ewelt.org\/pics\/upashi\/Germany\/2013\/Weihnachtsmarkt\/Koeln\/2013-12-04_163136_6D_7683.jpg\" \/><\/p>\n<p style=\"margin: 10px 0px 0px; padding: 0px;\">\n<p style=\"margin: 0px 0px 8px; padding: 0px;\">5.<\/p>\n<p style=\"margin: 0px; padding: 0px;\"><img decoding=\"async\" alt=\"\" src=\"https:\/\/img.ewelt.org\/pics\/upashi\/Germany\/2013\/Weihnachtsmarkt\/Koeln\/2013-12-04_163145_6D_7684.jpg\" \/><\/p>\n<p style=\"margin: 10px 0px 0px; padding: 0px;\">\n<p style=\"margin: 0px 0px 8px; padding: 0px;\">6.<\/p>\n<p style=\"margin: 0px; padding: 0px;\"><img decoding=\"async\" alt=\"\" src=\"https:\/\/img.ewelt.org\/pics\/upashi\/Germany\/2013\/Weihnachtsmarkt\/Koeln\/2013-12-04_163158_6D_7685.jpg\" \/><\/p>\n<p style=\"margin: 10px 0px 0px; padding: 0px;\">\n<p style=\"margin: 0px 0px 8px; padding: 0px;\">7.<\/p>\n<p style=\"margin: 0px; padding: 0px;\"><img decoding=\"async\" alt=\"\" src=\"https:\/\/img.ewelt.org\/pics\/upashi\/Germany\/2013\/Weihnachtsmarkt\/Koeln\/2013-12-04_163207_6D_7686.jpg\" \/><\/p>\n<p style=\"margin: 10px 0px 0px; padding: 0px;\">\n<p style=\"margin: 0px 0px 8px; padding: 0px;\">8.<\/p>\n<p style=\"margin: 0px; padding: 0px;\"><img decoding=\"async\" alt=\"\" src=\"https:\/\/img.ewelt.org\/pics\/upashi\/Germany\/2013\/Weihnachtsmarkt\/Koeln\/2013-12-04_163217_6D_7687.jpg\" \/><\/p>\n<p style=\"margin: 10px 0px 0px; padding: 0px;\">\n<p style=\"margin: 0px 0px 8px; padding: 0px;\">9.<\/p>\n<p style=\"margin: 0px; padding: 0px;\"><img decoding=\"async\" alt=\"\" src=\"https:\/\/img.ewelt.org\/pics\/upashi\/Germany\/2013\/Weihnachtsmarkt\/Koeln\/2013-12-04_163229_6D_7688.jpg\" \/><\/p>\n<p style=\"margin: 10px 0px 0px; padding: 0px;\">\n<p style=\"margin: 0px 0px 8px; padding: 0px;\">10.<\/p>\n<p style=\"margin: 0px; padding: 0px;\"><img decoding=\"async\" alt=\"\" src=\"https:\/\/img.ewelt.org\/pics\/upashi\/Germany\/2013\/Weihnachtsmarkt\/Koeln\/2013-12-04_163254_6D_7689.jpg\" \/><\/p>\n<p style=\"margin: 10px 0px 0px; padding: 0px;\">\n<p style=\"margin: 0px 0px 8px; padding: 0px;\">11.<\/p>\n<p style=\"margin: 0px; padding: 0px;\"><img decoding=\"async\" alt=\"\" src=\"https:\/\/img.ewelt.org\/pics\/upashi\/Germany\/2013\/Weihnachtsmarkt\/Koeln\/2013-12-04_163304_6D_7690.jpg\" \/><\/p>\n<p style=\"margin: 10px 0px 0px; padding: 0px;\">\n<p style=\"margin: 0px 0px 8px; padding: 0px;\">12.<\/p>\n<p style=\"margin: 0px; padding: 0px;\"><img decoding=\"async\" alt=\"\" src=\"https:\/\/img.ewelt.org\/pics\/upashi\/Germany\/2013\/Weihnachtsmarkt\/Koeln\/2013-12-04_163315_6D_7691.jpg\" \/><\/p>\n<p style=\"margin: 10px 0px 0px; padding: 0px;\">\n<p style=\"margin: 0px 0px 8px; padding: 0px;\">13.<\/p>\n<p style=\"margin: 0px; padding: 0px;\"><img decoding=\"async\" alt=\"\" src=\"https:\/\/img.ewelt.org\/pics\/upashi\/Germany\/2013\/Weihnachtsmarkt\/Koeln\/2013-12-04_163327_6D_7692.jpg\" \/><\/p>\n<p style=\"margin: 10px 0px 0px; padding: 0px;\">\n<p style=\"margin: 0px 0px 8px; padding: 0px;\">14.<\/p>\n<p style=\"margin: 0px; padding: 0px;\"><img decoding=\"async\" alt=\"\" src=\"https:\/\/img.ewelt.org\/pics\/upashi\/Germany\/2013\/Weihnachtsmarkt\/Koeln\/2013-12-04_163337_6D_7694.jpg\" \/><\/p>\n<p style=\"margin: 10px 0px 0px; padding: 0px;\">\n<p style=\"margin: 0px 0px 8px; padding: 0px;\">15.<\/p>\n<p style=\"margin: 0px; padding: 0px;\"><img decoding=\"async\" alt=\"\" src=\"https:\/\/img.ewelt.org\/pics\/upashi\/Germany\/2013\/Weihnachtsmarkt\/Koeln\/2013-12-04_163357_6D_7695.jpg\" \/><\/p>\n<p style=\"margin: 10px 0px 0px; padding: 0px;\">\n<p style=\"margin: 0px 0px 8px; padding: 0px;\">16.<\/p>\n<p style=\"margin: 0px; padding: 0px;\"><img decoding=\"async\" alt=\"\" src=\"https:\/\/img.ewelt.org\/pics\/upashi\/Germany\/2013\/Weihnachtsmarkt\/Koeln\/2013-12-04_163432_6D_7697.jpg\" \/><\/p>\n<p style=\"margin: 10px 0px 0px; padding: 0px;\">\n<p style=\"margin: 0px 0px 8px; padding: 0px;\">17.<\/p>\n<p style=\"margin: 0px; padding: 0px;\"><img decoding=\"async\" alt=\"\" src=\"https:\/\/img.ewelt.org\/pics\/upashi\/Germany\/2013\/Weihnachtsmarkt\/Koeln\/2013-12-04_163502_6D_7698.jpg\" \/><\/p>\n<p style=\"margin: 10px 0px 0px; padding: 0px;\">\n<p style=\"margin: 0px 0px 8px; padding: 0px;\">18.<\/p>\n<p style=\"margin: 0px; padding: 0px;\"><img decoding=\"async\" alt=\"\" src=\"https:\/\/img.ewelt.org\/pics\/upashi\/Germany\/2013\/Weihnachtsmarkt\/Koeln\/2013-12-04_163510_6D_7699.jpg\" \/><\/p>\n<p style=\"margin: 10px 0px 0px; padding: 0px;\">\n<p style=\"margin: 0px 0px 8px; padding: 0px;\">19.<\/p>\n<p style=\"margin: 0px; padding: 0px;\"><img decoding=\"async\" alt=\"\" src=\"https:\/\/img.ewelt.org\/pics\/upashi\/Germany\/2013\/Weihnachtsmarkt\/Koeln\/2013-12-04_163536_6D_7700.jpg\" \/><\/p>\n<p style=\"margin: 10px 0px 0px; padding: 0px;\">\n<p style=\"margin: 0px 0px 8px; padding: 0px;\">20.<\/p>\n<p style=\"margin: 0px; padding: 0px;\"><img decoding=\"async\" alt=\"\" src=\"https:\/\/img.ewelt.org\/pics\/upashi\/Germany\/2013\/Weihnachtsmarkt\/Koeln\/2013-12-04_163550_6D_7701.jpg\" \/><\/p>\n<p style=\"margin: 10px 0px 0px; padding: 0px;\">\n<p style=\"margin: 0px 0px 8px; padding: 0px;\">21.<\/p>\n<p style=\"margin: 0px; padding: 0px;\"><img decoding=\"async\" alt=\"\" src=\"https:\/\/img.ewelt.org\/pics\/upashi\/Germany\/2013\/Weihnachtsmarkt\/Koeln\/2013-12-04_163621_6D_7702.jpg\" \/><\/p>\n<p style=\"margin: 10px 0px 0px; padding: 0px;\">\n<p style=\"margin: 0px 0px 8px; padding: 0px;\">22.<\/p>\n<p style=\"margin: 0px; padding: 0px;\"><img decoding=\"async\" alt=\"\" src=\"https:\/\/img.ewelt.org\/pics\/upashi\/Germany\/2013\/Weihnachtsmarkt\/Koeln\/2013-12-04_163703_6D_7704.jpg\" \/><\/p>\n<p style=\"margin: 10px 0px 0px; padding: 0px;\">\n<p style=\"margin: 0px 0px 8px; padding: 0px;\">23.<\/p>\n<p style=\"margin: 0px; padding: 0px;\"><img decoding=\"async\" alt=\"\" src=\"https:\/\/img.ewelt.org\/pics\/upashi\/Germany\/2013\/Weihnachtsmarkt\/Koeln\/2013-12-04_163721_6D_7705.jpg\" \/><\/p>\n<p style=\"margin: 10px 0px 0px; padding: 0px;\">\n<p style=\"margin: 0px 0px 8px; padding: 0px;\">24.<\/p>\n<p style=\"margin: 0px; padding: 0px;\"><img decoding=\"async\" alt=\"\" src=\"https:\/\/img.ewelt.org\/pics\/upashi\/Germany\/2013\/Weihnachtsmarkt\/Koeln\/2013-12-04_163736_6D_7706.jpg\" \/><\/p>\n<p style=\"margin: 10px 0px 0px; padding: 0px;\">\n<p style=\"margin: 0px 0px 8px; padding: 0px;\">25.<\/p>\n<p style=\"margin: 0px; padding: 0px;\"><img decoding=\"async\" alt=\"\" src=\"https:\/\/img.ewelt.org\/pics\/upashi\/Germany\/2013\/Weihnachtsmarkt\/Koeln\/2013-12-04_163751_6D_7707.jpg\" \/><\/p>\n<p style=\"margin: 10px 0px 0px; padding: 0px;\">\n<p style=\"margin: 0px 0px 8px; padding: 0px;\">26.<\/p>\n<p style=\"margin: 0px; padding: 0px;\"><img decoding=\"async\" alt=\"\" src=\"https:\/\/img.ewelt.org\/pics\/upashi\/Germany\/2013\/Weihnachtsmarkt\/Koeln\/2013-12-04_163803_6D_7708.jpg\" \/><\/p>\n<p style=\"margin: 10px 0px 0px; padding: 0px;\">\n<p style=\"margin: 0px 0px 8px; padding: 0px;\">27.<\/p>\n<p style=\"margin: 0px; padding: 0px;\"><img decoding=\"async\" alt=\"\" src=\"https:\/\/img.ewelt.org\/pics\/upashi\/Germany\/2013\/Weihnachtsmarkt\/Koeln\/2013-12-04_163816_6D_7709.jpg\" \/><\/p>\n<p style=\"margin: 10px 0px 0px; padding: 0px;\">\n<p style=\"margin: 0px 0px 8px; padding: 0px;\">28.<\/p>\n<p style=\"margin: 0px; padding: 0px;\"><img decoding=\"async\" alt=\"\" src=\"https:\/\/img.ewelt.org\/pics\/upashi\/Germany\/2013\/Weihnachtsmarkt\/Koeln\/2013-12-04_163852_6D_7711.jpg\" \/><\/p>\n<p style=\"margin: 10px 0px 0px; padding: 0px;\">\n<p style=\"margin: 0px 0px 8px; padding: 0px;\">29.<\/p>\n<p style=\"margin: 0px; padding: 0px;\"><img decoding=\"async\" alt=\"\" src=\"https:\/\/img.ewelt.org\/pics\/upashi\/Germany\/2013\/Weihnachtsmarkt\/Koeln\/2013-12-04_163906_6D_7712.jpg\" \/><\/p>\n<p style=\"margin: 10px 0px 0px; padding: 0px;\">\n<p style=\"margin: 0px 0px 8px; padding: 0px;\">30.<\/p>\n<p style=\"margin: 0px; padding: 0px;\"><img decoding=\"async\" alt=\"\" src=\"https:\/\/img.ewelt.org\/pics\/upashi\/Germany\/2013\/Weihnachtsmarkt\/Koeln\/2013-12-04_163929_6D_7713.jpg\" \/><\/p>\n<p style=\"margin: 10px 0px 0px; padding: 0px;\">\n<p style=\"margin: 0px 0px 8px; padding: 0px;\">31.<\/p>\n<p style=\"margin: 0px; padding: 0px;\"><img decoding=\"async\" alt=\"\" src=\"https:\/\/img.ewelt.org\/pics\/upashi\/Germany\/2013\/Weihnachtsmarkt\/Koeln\/2013-12-04_163942_6D_7714.jpg\" \/><\/p>\n<p style=\"margin: 10px 0px 0px; padding: 0px;\">\n<p style=\"margin: 0px 0px 8px; padding: 0px;\">32.<\/p>\n<p style=\"margin: 0px; padding: 0px;\"><img decoding=\"async\" alt=\"\" src=\"https:\/\/img.ewelt.org\/pics\/upashi\/Germany\/2013\/Weihnachtsmarkt\/Koeln\/2013-12-04_163952_6D_7715.jpg\" \/><\/p>\n<p style=\"margin: 10px 0px 0px; padding: 0px;\">\n<p style=\"margin: 0px 0px 8px; padding: 0px;\">33.<\/p>\n<p style=\"margin: 0px; padding: 0px;\"><img decoding=\"async\" alt=\"\" src=\"https:\/\/img.ewelt.org\/pics\/upashi\/Germany\/2013\/Weihnachtsmarkt\/Koeln\/2013-12-04_164004_6D_7716.jpg\" \/><\/p>\n<p style=\"margin: 10px 0px 0px; padding: 0px;\">\n<p style=\"margin: 0px 0px 8px; padding: 0px;\">34.<\/p>\n<p style=\"margin: 0px; padding: 0px;\"><img decoding=\"async\" alt=\"\" src=\"https:\/\/img.ewelt.org\/pics\/upashi\/Germany\/2013\/Weihnachtsmarkt\/Koeln\/2013-12-04_164023_6D_7717.jpg\" \/><\/p>\n<p style=\"margin: 10px 0px 0px; padding: 0px;\">\n<p style=\"margin: 0px 0px 8px; padding: 0px;\">35.<\/p>\n<p style=\"margin: 0px; padding: 0px;\"><img decoding=\"async\" alt=\"\" src=\"https:\/\/img.ewelt.org\/pics\/upashi\/Germany\/2013\/Weihnachtsmarkt\/Koeln\/2013-12-04_164034_6D_7719.jpg\" \/><\/p>\n<p style=\"margin: 10px 0px 0px; padding: 0px;\">\n<p style=\"margin: 0px 0px 8px; padding: 0px;\">36.<\/p>\n<p style=\"margin: 0px; padding: 0px;\"><img decoding=\"async\" alt=\"\" src=\"https:\/\/img.ewelt.org\/pics\/upashi\/Germany\/2013\/Weihnachtsmarkt\/Koeln\/2013-12-04_164047_6D_7721.jpg\" \/><\/p>\n<p style=\"margin: 10px 0px 0px; padding: 0px;\">\n<p style=\"margin: 0px 0px 8px; padding: 0px;\">37.<\/p>\n<p style=\"margin: 0px; padding: 0px;\"><img decoding=\"async\" alt=\"\" src=\"https:\/\/img.ewelt.org\/pics\/upashi\/Germany\/2013\/Weihnachtsmarkt\/Koeln\/2013-12-04_164118_6D_7724.jpg\" \/><\/p>\n<p style=\"margin: 10px 0px 0px; padding: 0px;\">\n<p style=\"margin: 0px 0px 8px; padding: 0px;\">38.<\/p>\n<p style=\"margin: 0px; padding: 0px;\"><img decoding=\"async\" alt=\"\" src=\"https:\/\/img.ewelt.org\/pics\/upashi\/Germany\/2013\/Weihnachtsmarkt\/Koeln\/2013-12-04_164130_6D_7725.jpg\" \/><\/p>\n<p style=\"margin: 10px 0px 0px; padding: 0px;\">\n<p style=\"margin: 0px 0px 8px; padding: 0px;\">39.<\/p>\n<p style=\"margin: 0px; padding: 0px;\"><img decoding=\"async\" alt=\"\" src=\"https:\/\/img.ewelt.org\/pics\/upashi\/Germany\/2013\/Weihnachtsmarkt\/Koeln\/2013-12-04_164215_6D_7727.jpg\" \/><\/p>\n<p style=\"margin: 10px 0px 0px; padding: 0px;\">\n<p style=\"margin: 0px 0px 8px; padding: 0px;\">40.<\/p>\n<p style=\"margin: 0px; padding: 0px;\"><img decoding=\"async\" alt=\"\" src=\"https:\/\/img.ewelt.org\/pics\/upashi\/Germany\/2013\/Weihnachtsmarkt\/Koeln\/2013-12-04_164233_6D_7729.jpg\" \/><\/p>\n<p style=\"margin: 10px 0px 0px; padding: 0px;\">\n<p style=\"margin: 0px 0px 8px; padding: 0px;\">41.<\/p>\n<p style=\"margin: 0px; padding: 0px;\"><img decoding=\"async\" alt=\"\" src=\"https:\/\/img.ewelt.org\/pics\/upashi\/Germany\/2013\/Weihnachtsmarkt\/Koeln\/2013-12-04_164246_6D_7730.jpg\" \/><\/p>\n<p style=\"margin: 10px 0px 0px; padding: 0px;\">\n<p style=\"margin: 0px 0px 8px; padding: 0px;\">42.<\/p>\n<p style=\"margin: 0px; padding: 0px;\"><img decoding=\"async\" alt=\"\" src=\"https:\/\/img.ewelt.org\/pics\/upashi\/Germany\/2013\/Weihnachtsmarkt\/Koeln\/2013-12-04_164253_6D_7731.jpg\" \/><\/p>\n<p style=\"margin: 10px 0px 0px; padding: 0px;\">\n<p style=\"margin: 0px 0px 8px; padding: 0px;\">43.<\/p>\n<p style=\"margin: 0px; padding: 0px;\"><img decoding=\"async\" alt=\"\" src=\"https:\/\/img.ewelt.org\/pics\/upashi\/Germany\/2013\/Weihnachtsmarkt\/Koeln\/2013-12-04_164307_6D_7732.jpg\" \/><\/p>\n<p style=\"margin: 10px 0px 0px; padding: 0px;\">\n<p style=\"margin: 0px 0px 8px; padding: 0px;\">44.<\/p>\n<p style=\"margin: 0px; padding: 0px;\"><img decoding=\"async\" alt=\"\" src=\"https:\/\/img.ewelt.org\/pics\/upashi\/Germany\/2013\/Weihnachtsmarkt\/Koeln\/2013-12-04_164318_6D_7733.jpg\" \/><\/p>\n<p style=\"margin: 10px 0px 0px; padding: 0px;\">\n<p style=\"margin: 0px 0px 8px; padding: 0px;\">45.<\/p>\n<p style=\"margin: 0px; padding: 0px;\"><img decoding=\"async\" alt=\"\" src=\"https:\/\/img.ewelt.org\/pics\/upashi\/Germany\/2013\/Weihnachtsmarkt\/Koeln\/2013-12-04_164324_6D_7734.jpg\" \/><\/p>\n<p style=\"margin: 10px 0px 0px; padding: 0px;\">\n<p style=\"margin: 0px 0px 8px; padding: 0px;\">46.<\/p>\n<p style=\"margin: 0px; padding: 0px;\"><img decoding=\"async\" alt=\"\" src=\"https:\/\/img.ewelt.org\/pics\/upashi\/Germany\/2013\/Weihnachtsmarkt\/Koeln\/2013-12-04_164419_6D_7735.jpg\" \/><\/p>\n<p style=\"margin: 10px 0px 0px; padding: 0px;\">\n<p style=\"margin: 0px 0px 8px; padding: 0px;\">47.<\/p>\n<p style=\"margin: 0px; padding: 0px;\"><img decoding=\"async\" alt=\"\" src=\"https:\/\/img.ewelt.org\/pics\/upashi\/Germany\/2013\/Weihnachtsmarkt\/Koeln\/2013-12-04_164708_6D_7742.jpg\" \/><\/p>\n<p style=\"margin: 10px 0px 0px; padding: 0px;\">\n<p>Bleiben Sie dran!<\/p>\n<p><a href=\"http:\/\/instagram.com\/upashi\" target=\"_blank\"><img decoding=\"async\" title=\"Instagram\" alt=\"\" src=\"http:\/\/vladlenabdullin.ru\/logos_ios\/inst.png\" border=\"0\" \/><\/a>\u00a0<a href=\"http:\/\/www.facebook.com\/peremeev\" target=\"_blank\"><img loading=\"lazy\" decoding=\"async\" title=\"Facebook\" alt=\"\" src=\"http:\/\/vladlenabdullin.ru\/logos_ios\/fb.png\" width=\"57\" height=\"57\" border=\"0\" \/><\/a><\/p>\n","protected":false},"excerpt":{"rendered":"<p>War neulich am Rudolfplatz, war nat\u00fcrlich nicht zuf\u00e4llig. Daf\u00fcr habe ich extra die Kamera von zu Hause zur Arbeit und von da zum Weihnachzsmarkt geschleppt<\/p>\n<div class=\"more-link-wrapper\"><a class=\"more-link\" href=\"https:\/\/ewelt.org\/blog\/foto\/weihnachtsmark-rudolfplatz-koln\/\">Weiterlesen<span class=\"screen-reader-text\">Weihnachtsmark am Rudolfplatz. K\u00f6ln.<\/span><\/a><\/div>\n","protected":false},"author":1,"featured_media":0,"comment_status":"open","ping_status":"closed","sticky":false,"template":"","format":"standard","meta":{"iawp_total_views":3,"footnotes":""},"categories":[430,34],"tags":[426,389,434],"class_list":["post-1819","post","type-post","status-publish","format-standard","hentry","category-events","category-foto","tag-426","tag-koln","tag-weihnachten","entry"],"_links":{"self":[{"href":"https:\/\/ewelt.org\/blog\/wp-json\/wp\/v2\/posts\/1819","targetHints":{"allow":["GET"]}}],"collection":[{"href":"https:\/\/ewelt.org\/blog\/wp-json\/wp\/v2\/posts"}],"about":[{"href":"https:\/\/ewelt.org\/blog\/wp-json\/wp\/v2\/types\/post"}],"author":[{"embeddable":true,"href":"https:\/\/ewelt.org\/blog\/wp-json\/wp\/v2\/users\/1"}],"replies":[{"embeddable":true,"href":"https:\/\/ewelt.org\/blog\/wp-json\/wp\/v2\/comments?post=1819"}],"version-history":[{"count":2,"href":"https:\/\/ewelt.org\/blog\/wp-json\/wp\/v2\/posts\/1819\/revisions"}],"predecessor-version":[{"id":2384,"href":"https:\/\/ewelt.org\/blog\/wp-json\/wp\/v2\/posts\/1819\/revisions\/2384"}],"wp:attachment":[{"href":"https:\/\/ewelt.org\/blog\/wp-json\/wp\/v2\/media?parent=1819"}],"wp:term":[{"taxonomy":"category","embeddable":true,"href":"https:\/\/ewelt.org\/blog\/wp-json\/wp\/v2\/categories?post=1819"},{"taxonomy":"post_tag","embeddable":true,"href":"https:\/\/ewelt.org\/blog\/wp-json\/wp\/v2\/tags?post=1819"}],"curies":[{"name":"wp","href":"https:\/\/api.w.org\/{rel}","templated":true}]}}