{"id":1233,"date":"2014-11-26T08:00:47","date_gmt":"2014-11-26T05:00:47","guid":{"rendered":"http:\/\/upashi.wordpress.com\/?p=1233"},"modified":"2018-05-03T11:18:55","modified_gmt":"2018-05-03T09:18:55","slug":"dresdener-kirchen","status":"publish","type":"post","link":"https:\/\/ewelt.org\/blog\/foto\/dresdener-kirchen\/","title":{"rendered":"Dresdener Kirchen"},"content":{"rendered":"<p>Nach der St\u00e4dtereise nach Dresden habe ich insgesamt eine ganze Menge an Bilder gesammelt, die die religi\u00f6se Thematik abdecken. Meistens sind es unterschiedliche Kirchen, Doms und andere Pfarrh\u00e4user.<\/p>\n<p>Man muss nat\u00fcrlich als Hintergedanke im Kopf immer behalten, dass nicht nur Stadtmitte drei Kirchen auf 100 Quadratmeter hat, sondern am Rande der Stadt auch noch Vieles zu sehen ist \ud83d\ude09<\/p>\n<p style=\"margin: 0; padding: 0;\">\n<p style=\"margin: 0; padding: 0;\"><img loading=\"lazy\" decoding=\"async\" src=\"https:\/\/ewelt.org\/blog\/pics\/Dresden\/Kirchen\/2012-05-30_154338_500D_6315-Title.jpg\" alt=\"\"  width=\"898\" height=\"599\" \/><\/p>\n<p style=\"margin: 10px 0 0; padding: 0;\">\n<p><!--more--><\/p>\n<p style=\"margin: 0 0 8px; padding: 0;\">1. Katholische Hofkirche Seit 1980 Kathedrale der heiligsten Dreifaltigkeit<\/p>\n<p style=\"margin: 0; padding: 0;\"><img decoding=\"async\" src=\"https:\/\/ewelt.org\/blog\/pics\/Dresden\/Kirchen\/2012-05-26_205503_500D_4509.jpg\" alt=\"\" \/><\/p>\n<p style=\"margin: 10px 0 0; padding: 0;\">\n<p style=\"margin: 0 0 8px; padding: 0;\">2.<\/p>\n<p style=\"margin: 0; padding: 0;\"><img decoding=\"async\" src=\"https:\/\/ewelt.org\/blog\/pics\/Dresden\/Kirchen\/2012-05-27_180443_500D_5097.jpg\" alt=\"\" \/><\/p>\n<p style=\"margin: 10px 0 0; padding: 0;\">3.<br \/>\n<img decoding=\"async\" src=\"https:\/\/ewelt.org\/blog\/pics\/Dresden\/Kirchen\/2012-06-02_114536_500D_7146.jpg\" alt=\"\" \/><\/p>\n<p style=\"margin: 0 0 8px; padding: 0;\">\n4.<\/p>\n<p style=\"margin: 0; padding: 0;\"><img decoding=\"async\" src=\"https:\/\/ewelt.org\/blog\/pics\/Dresden\/Kirchen\/2012-06-02_113531_500D_7134.jpg\" alt=\"\" \/><\/p>\n<p style=\"margin: 10px 0 0; padding: 0;\">\n<p style=\"margin: 0 0 8px; padding: 0;\">5. Von der anderen Seite der Elbe<\/p>\n<p style=\"margin: 0; padding: 0;\"><img decoding=\"async\" src=\"https:\/\/ewelt.org\/blog\/pics\/Dresden\/Kirchen\/2012-05-27_184942_500D_5163.jpg\" alt=\"\" \/><\/p>\n<p style=\"margin: 10px 0 0; padding: 0;\">\n<p style=\"margin: 0 0 8px; padding: 0;\">6. Die Annenkirche.<\/p>\n<p style=\"margin: 0; padding: 0;\"><img decoding=\"async\" src=\"https:\/\/ewelt.org\/blog\/pics\/Dresden\/Kirchen\/2012-05-27_115423_500D_4658-102.jpg\" alt=\"\" \/><\/p>\n<p style=\"margin: 10px 0 0; padding: 0;\">\n<p style=\"margin: 0 0 8px; padding: 0;\">7.<\/p>\n<p style=\"margin: 0; padding: 0;\"><img decoding=\"async\" src=\"https:\/\/ewelt.org\/blog\/pics\/Dresden\/Kirchen\/2012-05-27_115619_500D_4659-103.jpg\" alt=\"\" \/><\/p>\n<p style=\"margin: 10px 0 0; padding: 0;\">\n<p style=\"margin: 0 0 8px; padding: 0;\">8.<\/p>\n<p style=\"margin: 0; padding: 0;\"><img decoding=\"async\" src=\"https:\/\/ewelt.org\/blog\/pics\/Dresden\/Kirchen\/2012-05-27_115332_500D_4657.jpg\" alt=\"\" \/><\/p>\n<p style=\"margin: 10px 0 0; padding: 0;\">\n<p style=\"margin: 0 0 8px; padding: 0;\">9. Die Kreuzkirche<\/p>\n<p style=\"margin: 0; padding: 0;\"><img decoding=\"async\" src=\"https:\/\/ewelt.org\/blog\/pics\/Dresden\/Kirchen\/2012-05-27_134749_500D_4752.jpg\" alt=\"\" \/><\/p>\n<p style=\"margin: 10px 0 0; padding: 0;\">\n<p style=\"margin: 0 0 8px; padding: 0;\">10.<\/p>\n<p style=\"margin: 0; padding: 0;\"><img decoding=\"async\" src=\"https:\/\/ewelt.org\/blog\/pics\/Dresden\/Kirchen\/2012-05-27_135107_500D_4770.jpg\" alt=\"\" \/><\/p>\n<p style=\"margin: 10px 0 0; padding: 0;\">\n<p style=\"margin: 0 0 8px; padding: 0;\">11.<\/p>\n<p style=\"margin: 0; padding: 0;\"><img decoding=\"async\" src=\"https:\/\/ewelt.org\/blog\/pics\/Dresden\/Kirchen\/2012-05-27_135209_500D_4773.jpg\" alt=\"\" \/><\/p>\n<p style=\"margin: 10px 0 0; padding: 0;\">\n<p style=\"margin: 0 0 8px; padding: 0;\">12.<\/p>\n<p style=\"margin: 0; padding: 0;\"><img decoding=\"async\" src=\"https:\/\/ewelt.org\/blog\/pics\/Dresden\/Kirchen\/2012-05-27_135652_500D_4780.jpg\" alt=\"\" \/><\/p>\n<p style=\"margin: 10px 0 0; padding: 0;\">\n<p style=\"margin: 0 0 8px; padding: 0;\">13.<\/p>\n<p style=\"margin: 0; padding: 0;\"><img decoding=\"async\" src=\"https:\/\/ewelt.org\/blog\/pics\/Dresden\/Kirchen\/2012-05-27_135751_500D_4782.jpg\" alt=\"\" \/><\/p>\n<p style=\"margin: 10px 0 0; padding: 0;\">\n<p style=\"margin: 0 0 8px; padding: 0;\">14.<\/p>\n<p style=\"margin: 0; padding: 0;\"><img decoding=\"async\" src=\"https:\/\/ewelt.org\/blog\/pics\/Dresden\/Kirchen\/2012-05-27_140001_500D_4784_DRI.jpg\" alt=\"\" \/><\/p>\n<p style=\"margin: 10px 0 0; padding: 0;\">\n<p style=\"margin: 0 0 8px; padding: 0;\">15.<\/p>\n<p style=\"margin: 0; padding: 0;\"><img decoding=\"async\" src=\"https:\/\/ewelt.org\/blog\/pics\/Dresden\/Kirchen\/2012-05-27_141413_500D_4788.jpg\" alt=\"\" \/><\/p>\n<p style=\"margin: 10px 0 0; padding: 0;\">\n<p style=\"margin: 0 0 8px; padding: 0;\">16. <em>Die Frauenkirche<br \/>\n<\/em><\/p>\n<p style=\"margin: 0; padding: 0;\"><img decoding=\"async\" src=\"https:\/\/ewelt.org\/blog\/pics\/Dresden\/Kirchen\/2012-05-30_201945_500D_6532.jpg\" alt=\"\" \/><\/p>\n<p style=\"margin: 10px 0 0; padding: 0;\">\n<p style=\"margin: 0 0 8px; padding: 0;\">17.<\/p>\n<p style=\"margin: 0; padding: 0;\"><img decoding=\"async\" src=\"https:\/\/ewelt.org\/blog\/pics\/Dresden\/Kirchen\/2012-05-27_151734_500D_4828.jpg\" alt=\"\" \/><\/p>\n<p style=\"margin: 10px 0 0; padding: 0;\">\n<p style=\"margin: 0 0 8px; padding: 0;\">18.<\/p>\n<p style=\"margin: 0; padding: 0;\"><img decoding=\"async\" src=\"https:\/\/ewelt.org\/blog\/pics\/Dresden\/Kirchen\/2012-05-27_152233_500D_4835.jpg\" alt=\"\" \/><\/p>\n<p style=\"margin: 10px 0 0; padding: 0;\">\n<p style=\"margin: 0 0 8px; padding: 0;\">19.<\/p>\n<p style=\"margin: 0; padding: 0;\"><img decoding=\"async\" src=\"https:\/\/ewelt.org\/blog\/pics\/Dresden\/Kirchen\/2012-05-31_130751_500D_6549.jpg\" alt=\"\" \/><\/p>\n<p style=\"margin: 10px 0 0; padding: 0;\">\n<p style=\"margin: 0 0 8px; padding: 0;\">20.<\/p>\n<p style=\"margin: 0; padding: 0;\"><img decoding=\"async\" src=\"https:\/\/ewelt.org\/blog\/pics\/Dresden\/Kirchen\/2012-05-31_130806_500D_6550.jpg\" alt=\"\" \/><\/p>\n<p style=\"margin: 10px 0 0; padding: 0;\">\n<p style=\"margin: 0 0 8px; padding: 0;\">21.<\/p>\n<p style=\"margin: 0; padding: 0;\"><img decoding=\"async\" src=\"https:\/\/ewelt.org\/blog\/pics\/Dresden\/Kirchen\/2012-05-31_130823_500D_6551.jpg\" alt=\"\" \/><\/p>\n<p style=\"margin: 10px 0 0; padding: 0;\">\n<p style=\"margin: 0 0 8px; padding: 0;\">22.<\/p>\n<p style=\"margin: 0; padding: 0;\"><img decoding=\"async\" src=\"https:\/\/ewelt.org\/blog\/pics\/Dresden\/Kirchen\/2012-05-27_152444_500D_4837.jpg\" alt=\"\" \/><\/p>\n<p style=\"margin: 10px 0 0; padding: 0;\">\n<p style=\"margin: 0 0 8px; padding: 0;\">23.<\/p>\n<p style=\"margin: 0; padding: 0;\"><img decoding=\"async\" src=\"https:\/\/ewelt.org\/blog\/pics\/Dresden\/Kirchen\/2012-05-27_152458_500D_4839.jpg\" alt=\"\" \/><\/p>\n<p style=\"margin: 10px 0 0; padding: 0;\">\n<p style=\"margin: 0 0 8px; padding: 0;\">24.<\/p>\n<p style=\"margin: 0; padding: 0;\"><img decoding=\"async\" src=\"https:\/\/ewelt.org\/blog\/pics\/Dresden\/Kirchen\/2012-05-27_152503_500D_4840.jpg\" alt=\"\" \/><\/p>\n<p style=\"margin: 10px 0 0; padding: 0;\">\n<p style=\"margin: 0 0 8px; padding: 0;\">25.<\/p>\n<p style=\"margin: 0; padding: 0;\"><img decoding=\"async\" src=\"https:\/\/ewelt.org\/blog\/pics\/Dresden\/Kirchen\/2012-05-30_201830_500D_6529.jpg\" alt=\"\" \/><\/p>\n<p style=\"margin: 10px 0 0; padding: 0;\">\n<p style=\"margin: 0 0 8px; padding: 0;\">26.<\/p>\n<p style=\"margin: 0; padding: 0;\"><img decoding=\"async\" src=\"https:\/\/ewelt.org\/blog\/pics\/Dresden\/Kirchen\/2012-05-30_122000_500D_6066.jpg\" alt=\"\" \/><\/p>\n<p style=\"margin: 10px 0 0; padding: 0;\">27.<\/p>\n<p style=\"margin: 0; padding: 0;\"><img decoding=\"async\" src=\"https:\/\/ewelt.org\/blog\/pics\/Dresden\/Kirchen\/2012-05-30_122009_500D_6067.jpg\" alt=\"\" \/><\/p>\n<p style=\"margin: 10px 0 0; padding: 0;\">\n<p style=\"margin: 0 0 8px; padding: 0;\">28. Das Haus der Kirche<\/p>\n<p style=\"margin: 0; padding: 0;\"><img decoding=\"async\" src=\"https:\/\/ewelt.org\/blog\/pics\/Dresden\/Kirchen\/2012-05-30_123320_500D_6082.jpg\" alt=\"\" \/><\/p>\n<p style=\"margin: 10px 0 0; padding: 0;\">\n<p style=\"margin: 0 0 8px; padding: 0;\">29. Die Garnisonkirche St. Martin<\/p>\n<p style=\"margin: 0; padding: 0;\"><img decoding=\"async\" src=\"https:\/\/ewelt.org\/blog\/pics\/Dresden\/Kirchen\/2012-05-30_152128_500D_6281.jpg\" alt=\"\" \/><\/p>\n<p style=\"margin: 10px 0 0; padding: 0;\">\n<p style=\"margin: 0 0 8px; padding: 0;\">30.<\/p>\n<p style=\"margin: 0; padding: 0;\"><img decoding=\"async\" src=\"https:\/\/ewelt.org\/blog\/pics\/Dresden\/Kirchen\/2012-05-30_153815_500D_6297.jpg\" alt=\"\" \/><\/p>\n<p style=\"margin: 10px 0 0; padding: 0;\">\n<p style=\"margin: 0 0 8px; padding: 0;\">31.<\/p>\n<p style=\"margin: 0; padding: 0;\"><img decoding=\"async\" src=\"https:\/\/ewelt.org\/blog\/pics\/Dresden\/Kirchen\/2012-05-30_153829_500D_6298.jpg\" alt=\"\" \/><\/p>\n<p style=\"margin: 10px 0 0; padding: 0;\">\n<p style=\"margin: 0 0 8px; padding: 0;\">32.<\/p>\n<p style=\"margin: 0; padding: 0;\"><img decoding=\"async\" src=\"https:\/\/ewelt.org\/blog\/pics\/Dresden\/Kirchen\/2012-05-30_154006_500D_6301.jpg\" alt=\"\" \/><\/p>\n<p style=\"margin: 10px 0 0; padding: 0;\">\n<p style=\"margin: 0 0 8px; padding: 0;\">33.<\/p>\n<p style=\"margin: 0; padding: 0;\"><img decoding=\"async\" src=\"https:\/\/ewelt.org\/blog\/pics\/Dresden\/Kirchen\/2012-05-30_154023_500D_6302.jpg\" alt=\"\" \/><\/p>\n<p style=\"margin: 10px 0 0; padding: 0;\">\n<p style=\"margin: 0 0 8px; padding: 0;\">34.<\/p>\n<p style=\"margin: 0; padding: 0;\"><img decoding=\"async\" src=\"https:\/\/ewelt.org\/blog\/pics\/Dresden\/Kirchen\/2012-05-30_154338_500D_6315-Edit.jpg\" alt=\"\" \/><\/p>\n<p style=\"margin: 10px 0 0; padding: 0;\">\n<p style=\"margin: 0 0 8px; padding: 0;\">35.<\/p>\n<p style=\"margin: 0; padding: 0;\"><img decoding=\"async\" src=\"https:\/\/ewelt.org\/blog\/pics\/Dresden\/Kirchen\/2012-05-30_154723_500D_6338.jpg\" alt=\"\" \/><\/p>\n<p style=\"margin: 10px 0 0; padding: 0;\">\n<p style=\"margin: 0 0 8px; padding: 0;\">36.<\/p>\n<p style=\"margin: 0; padding: 0;\"><img decoding=\"async\" src=\"https:\/\/ewelt.org\/blog\/pics\/Dresden\/Kirchen\/2012-05-30_154732_500D_6339.jpg\" alt=\"\" \/><\/p>\n<p style=\"margin: 10px 0 0; padding: 0;\">\n<p style=\"margin: 0 0 8px; padding: 0;\">37.<\/p>\n<p style=\"margin: 0; padding: 0;\"><img decoding=\"async\" src=\"https:\/\/ewelt.org\/blog\/pics\/Dresden\/Kirchen\/2012-05-30_154822_500D_6343.jpg\" alt=\"\" \/><\/p>\n<p style=\"margin: 10px 0 0; padding: 0;\">\n<p style=\"margin: 0 0 8px; padding: 0;\">38.<\/p>\n<p style=\"margin: 0; padding: 0;\"><img decoding=\"async\" src=\"https:\/\/ewelt.org\/blog\/pics\/Dresden\/Kirchen\/2012-05-30_155116_500D_6353.jpg\" alt=\"\" \/><\/p>\n<p style=\"margin: 10px 0 0; padding: 0;\">\n<p style=\"margin: 0 0 8px; padding: 0;\">39.<\/p>\n<p style=\"margin: 0; padding: 0;\"><img decoding=\"async\" src=\"https:\/\/ewelt.org\/blog\/pics\/Dresden\/Kirchen\/2012-05-30_155151_500D_6355.jpg\" alt=\"\" \/><\/p>\n<p style=\"margin: 10px 0 0; padding: 0;\">\n<p style=\"margin: 0 0 8px; padding: 0;\">40.<\/p>\n<p style=\"margin: 0; padding: 0;\"><img decoding=\"async\" src=\"https:\/\/ewelt.org\/blog\/pics\/Dresden\/Kirchen\/2012-05-30_155222_500D_6357.jpg\" alt=\"\" \/><\/p>\n<p style=\"margin: 10px 0 0; padding: 0;\">\n<p style=\"margin: 0 0 8px; padding: 0;\">41.<\/p>\n<p style=\"margin: 0; padding: 0;\"><img decoding=\"async\" src=\"https:\/\/ewelt.org\/blog\/pics\/Dresden\/Kirchen\/2012-05-30_155549_500D_6369.jpg\" alt=\"\" \/><\/p>\n<p style=\"margin: 10px 0 0; padding: 0;\">\n<p style=\"margin: 0 0 8px; padding: 0;\">42. Die neue Synagoge<\/p>\n<p>&nbsp;<\/p>\n<p style=\"margin: 0 0 8px; padding: 0;\"><img decoding=\"async\" src=\"https:\/\/ewelt.org\/blog\/pics\/Dresden\/Kirchen\/2012-05-30_201324_500D_6525.jpg\" alt=\"\" \/><\/p>\n<p style=\"margin: 10px 0 0; padding: 0;\">\n<p style=\"margin: 0 0 8px; padding: 0;\">43.Die Russisch-Orthodoxe Kirche des Heiligen Simeon vom wunderbaren Berge<\/p>\n<p style=\"margin: 0; padding: 0;\"><img decoding=\"async\" src=\"https:\/\/ewelt.org\/blog\/pics\/Dresden\/Kirchen\/2012-05-31_135347_500D_6568-Edit.jpg\" alt=\"\" \/><\/p>\n<p style=\"margin: 10px 0 0; padding: 0;\">\n<p style=\"margin: 0 0 8px; padding: 0;\">44.<\/p>\n<p style=\"margin: 0; padding: 0;\"><img decoding=\"async\" src=\"https:\/\/ewelt.org\/blog\/pics\/Dresden\/Kirchen\/2012-05-31_134215_500D_6557.jpg\" alt=\"\" \/><\/p>\n<p style=\"margin: 10px 0 0; padding: 0;\">\n<p style=\"margin: 0 0 8px; padding: 0;\">45.<\/p>\n<p style=\"margin: 0; padding: 0;\"><img decoding=\"async\" src=\"https:\/\/ewelt.org\/blog\/pics\/Dresden\/Kirchen\/2012-05-31_134411_500D_6561.jpg\" alt=\"\" \/><\/p>\n<p style=\"margin: 10px 0 0; padding: 0;\">\n<p style=\"margin: 0 0 8px; padding: 0;\">46. Die St. Paulus Kirche<\/p>\n<p style=\"margin: 0; padding: 0;\"><img decoding=\"async\" src=\"https:\/\/ewelt.org\/blog\/pics\/Dresden\/Kirchen\/2012-05-31_161135_500D_6708.jpg\" alt=\"\" \/><\/p>\n<p style=\"margin: 10px 0 0; padding: 0;\">\n<p style=\"margin: 0 0 8px; padding: 0;\">47.Die\u00a0 Lukaskirche<\/p>\n<p style=\"margin: 0; padding: 0;\"><img decoding=\"async\" src=\"https:\/\/ewelt.org\/blog\/pics\/Dresden\/Kirchen\/2012-06-02_131925_500D_7246.jpg\" alt=\"\" \/><\/p>\n<p style=\"margin: 10px 0 0; padding: 0;\">\n<p style=\"margin: 0 0 8px; padding: 0;\">48.<\/p>\n<p style=\"margin: 0; padding: 0;\"><img decoding=\"async\" src=\"https:\/\/ewelt.org\/blog\/pics\/Dresden\/Kirchen\/2012-05-31_172835_500D_6732.jpg\" alt=\"\" \/><\/p>\n<p style=\"margin: 10px 0 0; padding: 0;\">\n<p style=\"margin: 0 0 8px; padding: 0;\">49.<\/p>\n<p style=\"margin: 0; padding: 0;\"><img decoding=\"async\" src=\"https:\/\/ewelt.org\/blog\/pics\/Dresden\/Kirchen\/2012-05-31_173127_500D_6737.jpg\" alt=\"\" \/><\/p>\n<p style=\"margin: 10px 0 0; padding: 0;\">\n<p style=\"margin: 0 0 8px; padding: 0;\">50.<\/p>\n<p style=\"margin: 0; padding: 0;\"><img decoding=\"async\" src=\"https:\/\/ewelt.org\/blog\/pics\/Dresden\/Kirchen\/2012-05-31_172942_500D_6735.jpg\" alt=\"\" \/><\/p>\n<p style=\"margin: 10px 0 0; padding: 0;\">\n<p style=\"margin: 0 0 8px; padding: 0;\">51. Die Thomaskirche<\/p>\n<p style=\"margin: 0; padding: 0;\"><img decoding=\"async\" src=\"https:\/\/ewelt.org\/blog\/pics\/Dresden\/Kirchen\/2012-06-01_195925_500D_6940.jpg\" alt=\"\" \/><\/p>\n<p style=\"margin: 10px 0 0; padding: 0;\">\n<p style=\"margin: 0 0 8px; padding: 0;\">52. Die Christuskirche<\/p>\n<p style=\"margin: 0; padding: 0;\"><img decoding=\"async\" src=\"https:\/\/ewelt.org\/blog\/pics\/Dresden\/Kirchen\/2012-06-01_191936_500D_6904.jpg\" alt=\"\" \/><\/p>\n<p style=\"margin: 10px 0 0; padding: 0;\">\n<p style=\"margin: 0 0 8px; padding: 0;\">53.<\/p>\n<p style=\"margin: 0; padding: 0;\"><img decoding=\"async\" src=\"https:\/\/ewelt.org\/blog\/pics\/Dresden\/Kirchen\/2012-06-01_192306_500D_6909.jpg\" alt=\"\" \/><\/p>\n<p style=\"margin: 10px 0 0; padding: 0;\">\n<p style=\"margin: 0 0 8px; padding: 0;\">54.<\/p>\n<p style=\"margin: 0; padding: 0;\"><img decoding=\"async\" src=\"https:\/\/ewelt.org\/blog\/pics\/Dresden\/Kirchen\/2012-06-01_192537_500D_6915.jpg\" alt=\"\" \/><\/p>\n<p style=\"margin: 10px 0 0; padding: 0;\">\n<p style=\"margin: 0 0 8px; padding: 0;\">55.<\/p>\n<p style=\"margin: 0; padding: 0;\"><img decoding=\"async\" src=\"https:\/\/ewelt.org\/blog\/pics\/Dresden\/Kirchen\/2012-06-01_192714_500D_6920.jpg\" alt=\"\" \/><\/p>\n<p style=\"margin: 10px 0 0; padding: 0;\">\n<p style=\"margin: 0 0 8px; padding: 0;\">56.<\/p>\n<p style=\"margin: 0; padding: 0;\"><img decoding=\"async\" src=\"https:\/\/ewelt.org\/blog\/pics\/Dresden\/Kirchen\/2012-06-01_192832_500D_6922.jpg\" alt=\"\" \/><\/p>\n<p style=\"margin: 10px 0 0; padding: 0;\">\n<p style=\"margin: 0 0 8px; padding: 0;\">57.<\/p>\n<p style=\"margin: 0; padding: 0;\"><img decoding=\"async\" src=\"https:\/\/ewelt.org\/blog\/pics\/Dresden\/Kirchen\/2012-06-02_132649_500D_7260.jpg\" alt=\"\" \/><\/p>\n<p style=\"margin: 10px 0 0; padding: 0;\">\n<p style=\"margin: 0 0 8px; padding: 0;\">58.<\/p>\n<p style=\"margin: 0; padding: 0;\"><img decoding=\"async\" src=\"https:\/\/ewelt.org\/blog\/pics\/Dresden\/Kirchen\/2012-06-02_140549_500D_7279.jpg\" alt=\"\" \/><\/p>\n<p style=\"margin: 10px 0 0; padding: 0;\">\n<p style=\"margin: 0 0 8px; padding: 0;\">59.<\/p>\n<p style=\"margin: 0; padding: 0;\"><img decoding=\"async\" src=\"https:\/\/ewelt.org\/blog\/pics\/Dresden\/Kirchen\/2012-06-02_140720_500D_7280.jpg\" alt=\"\" \/><\/p>\n<p style=\"margin: 10px 0 0; padding: 0;\">\n<p style=\"margin: 0 0 8px; padding: 0;\">60.<\/p>\n<p style=\"margin: 0; padding: 0;\"><img decoding=\"async\" src=\"https:\/\/ewelt.org\/blog\/pics\/Dresden\/Kirchen\/2012-06-02_140951_500D_7287.jpg\" alt=\"\" \/><\/p>\n<p style=\"margin: 10px 0 0; padding: 0;\">\n<p style=\"margin: 0 0 8px; padding: 0;\">61.<\/p>\n<p style=\"margin: 0; padding: 0;\"><img decoding=\"async\" src=\"https:\/\/ewelt.org\/blog\/pics\/Dresden\/Kirchen\/2012-06-02_141031_500D_7289.jpg\" alt=\"\" \/><\/p>\n<p>Bleiben Sie dran!<\/p>\n<p>&nbsp;<\/p>\n<p>&nbsp;<\/p>\n<p style=\"margin: 5px 0 0; padding: 0;\">\n<p>&nbsp;<\/p>\n","protected":false},"excerpt":{"rendered":"<p>Nach der St\u00e4dtereise nach Dresden habe ich insgesamt eine ganze Menge an Bilder gesammelt, die die religi\u00f6se Thematik abdecken. Meistens sind es unterschiedliche Kirchen, Doms<\/p>\n<div class=\"more-link-wrapper\"><a class=\"more-link\" href=\"https:\/\/ewelt.org\/blog\/foto\/dresdener-kirchen\/\">Weiterlesen<span class=\"screen-reader-text\">Dresdener Kirchen<\/span><\/a><\/div>\n","protected":false},"author":1,"featured_media":0,"comment_status":"open","ping_status":"closed","sticky":false,"template":"","format":"standard","meta":{"iawp_total_views":13,"footnotes":""},"categories":[374,34],"tags":[386,387,379],"class_list":["post-1233","post","type-post","status-publish","format-standard","hentry","category-deutschland","category-foto","tag-deutschland-2","tag-dresden","tag-kirche","entry"],"_links":{"self":[{"href":"https:\/\/ewelt.org\/blog\/wp-json\/wp\/v2\/posts\/1233","targetHints":{"allow":["GET"]}}],"collection":[{"href":"https:\/\/ewelt.org\/blog\/wp-json\/wp\/v2\/posts"}],"about":[{"href":"https:\/\/ewelt.org\/blog\/wp-json\/wp\/v2\/types\/post"}],"author":[{"embeddable":true,"href":"https:\/\/ewelt.org\/blog\/wp-json\/wp\/v2\/users\/1"}],"replies":[{"embeddable":true,"href":"https:\/\/ewelt.org\/blog\/wp-json\/wp\/v2\/comments?post=1233"}],"version-history":[{"count":3,"href":"https:\/\/ewelt.org\/blog\/wp-json\/wp\/v2\/posts\/1233\/revisions"}],"predecessor-version":[{"id":2657,"href":"https:\/\/ewelt.org\/blog\/wp-json\/wp\/v2\/posts\/1233\/revisions\/2657"}],"wp:attachment":[{"href":"https:\/\/ewelt.org\/blog\/wp-json\/wp\/v2\/media?parent=1233"}],"wp:term":[{"taxonomy":"category","embeddable":true,"href":"https:\/\/ewelt.org\/blog\/wp-json\/wp\/v2\/categories?post=1233"},{"taxonomy":"post_tag","embeddable":true,"href":"https:\/\/ewelt.org\/blog\/wp-json\/wp\/v2\/tags?post=1233"}],"curies":[{"name":"wp","href":"https:\/\/api.w.org\/{rel}","templated":true}]}}