{"id":1208,"date":"2017-08-08T15:50:03","date_gmt":"2017-08-08T11:50:03","guid":{"rendered":"http:\/\/upashi.wordpress.com\/?p=1208"},"modified":"2018-05-03T11:17:21","modified_gmt":"2018-05-03T09:17:21","slug":"etwas-fruehlingsstimmung","status":"publish","type":"post","link":"https:\/\/ewelt.org\/blog\/foto\/etwas-fruehlingsstimmung\/","title":{"rendered":"Etwas Fr\u00fchlingsstimmung!"},"content":{"rendered":"<p>Der Fr\u00fchling ist schon l\u00e4ngst vorbei, der Sommer ist bald auch weg und der Herbst naht &#8211; ein guter Anlass etwas mehr an die sch\u00f6nen Farben zu denken und Fr\u00fchlingsenergie zu tanken!<br \/>\nIn diesem Jahr finde ich das Wetter irgendwie bescheuert oder aus den Vorjahren bin ich zu verw\u00f6hnt geworden, aber Fotografieren bin ich nicht gegangen &#8211; also wieder etwas aus der Archiv-Kiste!<\/p>\n<p style=\"margin: 0; padding: 0;\"><img loading=\"lazy\" decoding=\"async\" src=\"https:\/\/ewelt.org\/blog\/pics\/Spring_Marz_2012\/spring.jpg\"  width=\"912\" height=\"612\" \/><\/p>\n<p><!--more--><\/p>\n<p style=\"margin: 0 0 8px; padding: 0;\">1.<\/p>\n<p style=\"margin: 0; padding: 0;\"><img decoding=\"async\" src=\"https:\/\/ewelt.org\/blog\/pics\/Spring_Marz_2012\/2012-03-21_153405_500D_0670.jpg\" \/><\/p>\n<p style=\"margin: 0 0 8px; padding: 0;\">2.<\/p>\n<p style=\"margin: 0; padding: 0;\"><img decoding=\"async\" src=\"https:\/\/ewelt.org\/blog\/pics\/Spring_Marz_2012\/2012-03-21_154502_500D_0673.jpg\" \/><\/p>\n<p style=\"margin: 0 0 8px; padding: 0;\">3.<\/p>\n<p style=\"margin: 0; padding: 0;\"><img decoding=\"async\" src=\"https:\/\/ewelt.org\/blog\/pics\/Spring_Marz_2012\/2012-03-21_154528_500D_0674.jpg\" \/><\/p>\n<p style=\"margin: 0 0 8px; padding: 0;\">4.<\/p>\n<p style=\"margin: 0; padding: 0;\"><img decoding=\"async\" src=\"https:\/\/ewelt.org\/blog\/pics\/Spring_Marz_2012\/2012-03-21_155737_500D_0679.jpg\" \/><\/p>\n<p style=\"margin: 0 0 8px; padding: 0;\">5.<\/p>\n<p style=\"margin: 0; padding: 0;\"><img decoding=\"async\" src=\"https:\/\/ewelt.org\/blog\/pics\/Spring_Marz_2012\/2012-03-21_155935_500D_0683.jpg\" \/><\/p>\n<p style=\"margin: 0 0 8px; padding: 0;\">6.<\/p>\n<p style=\"margin: 0; padding: 0;\"><img decoding=\"async\" src=\"https:\/\/ewelt.org\/blog\/pics\/Spring_Marz_2012\/2012-03-21_165421_500D_0708.jpg\" \/><\/p>\n","protected":false},"excerpt":{"rendered":"<p>Der Fr\u00fchling ist schon l\u00e4ngst vorbei, der Sommer ist bald auch weg und der Herbst naht &#8211; ein guter Anlass etwas mehr an die sch\u00f6nen<\/p>\n<div class=\"more-link-wrapper\"><a class=\"more-link\" href=\"https:\/\/ewelt.org\/blog\/foto\/etwas-fruehlingsstimmung\/\">Weiterlesen<span class=\"screen-reader-text\">Etwas Fr\u00fchlingsstimmung!<\/span><\/a><\/div>\n","protected":false},"author":1,"featured_media":0,"comment_status":"open","ping_status":"closed","sticky":false,"template":"","format":"standard","meta":{"iawp_total_views":3,"footnotes":""},"categories":[34],"tags":[538,493],"class_list":["post-1208","post","type-post","status-publish","format-standard","hentry","category-foto","tag-538","tag-fruhling","entry"],"_links":{"self":[{"href":"https:\/\/ewelt.org\/blog\/wp-json\/wp\/v2\/posts\/1208","targetHints":{"allow":["GET"]}}],"collection":[{"href":"https:\/\/ewelt.org\/blog\/wp-json\/wp\/v2\/posts"}],"about":[{"href":"https:\/\/ewelt.org\/blog\/wp-json\/wp\/v2\/types\/post"}],"author":[{"embeddable":true,"href":"https:\/\/ewelt.org\/blog\/wp-json\/wp\/v2\/users\/1"}],"replies":[{"embeddable":true,"href":"https:\/\/ewelt.org\/blog\/wp-json\/wp\/v2\/comments?post=1208"}],"version-history":[{"count":4,"href":"https:\/\/ewelt.org\/blog\/wp-json\/wp\/v2\/posts\/1208\/revisions"}],"predecessor-version":[{"id":2633,"href":"https:\/\/ewelt.org\/blog\/wp-json\/wp\/v2\/posts\/1208\/revisions\/2633"}],"wp:attachment":[{"href":"https:\/\/ewelt.org\/blog\/wp-json\/wp\/v2\/media?parent=1208"}],"wp:term":[{"taxonomy":"category","embeddable":true,"href":"https:\/\/ewelt.org\/blog\/wp-json\/wp\/v2\/categories?post=1208"},{"taxonomy":"post_tag","embeddable":true,"href":"https:\/\/ewelt.org\/blog\/wp-json\/wp\/v2\/tags?post=1208"}],"curies":[{"name":"wp","href":"https:\/\/api.w.org\/{rel}","templated":true}]}}